{"id":49330,"date":"2025-08-17T00:15:54","date_gmt":"2025-08-16T21:15:54","guid":{"rendered":"https:\/\/www.egemtv.com\/?p=49330"},"modified":"2025-08-17T00:15:56","modified_gmt":"2025-08-16T21:15:56","slug":"sarkikaraagacta-hafif-ticari-arac-ile-otomobil-carpisti-5-yarali","status":"publish","type":"post","link":"https:\/\/www.egemtv.com\/?p=49330","title":{"rendered":"\u015earkikaraa\u011fa\u00e7\u2019ta hafif ticari ara\u00e7 ile otomobil \u00e7arp\u0131\u015ft\u0131: 5 yaral\u0131"},"content":{"rendered":"<p>Isparta\u2019n\u0131n \u015earkikaraa\u011fa\u00e7 il\u00e7esinde hafif ticari ara\u00e7 ile otomobilin \u00e7arp\u0131\u015fmas\u0131 sonucu meydana gelen kazada 5 ki\u015fi yaraland\u0131.<br \/>\n<br \/>Kaza, Isparta\u2019n\u0131n \u015earkikaraa\u011fa\u00e7 il\u00e7esi A\u015fa\u011f\u0131kale Mahallesi Total kav\u015fa\u011f\u0131nda meydana geldi. Edinilen bilgiye g\u00f6re, Do\u011fan Y. idaresindeki 32 YU 405 plakal\u0131 hafif ticari ara\u00e7 ile Mustafa D. y\u00f6netimindeki 34 SP 7836 plakal\u0131 otomobil kav\u015fakta \u00e7arp\u0131\u015ft\u0131. Kazada s\u00fcr\u00fcc\u00fcler Do\u011fan Y. ve Mustafa D. ile hafif ticari ara\u00e7ta yolcu olarak bulunan Dursun Y., Hamide K. ve Emine \u00d6. yaraland\u0131. \u0130hbar \u00fczerine olay yerine polis ve sa\u011fl\u0131k ekipleri sevk edildi. Sa\u011fl\u0131k ekiplerinin ilk m\u00fcdahalesinin ard\u0131ndan yaral\u0131lar ambulanslarla hastaneye kald\u0131r\u0131ld\u0131. Kazayla ilgili inceleme ba\u015flat\u0131ld\u0131.<br \/><\/p>\n","protected":false},"excerpt":{"rendered":"<p>Isparta\u2019n\u0131n \u015earkikaraa\u011fa\u00e7 il\u00e7esinde hafif ticari ara\u00e7 ile otomobilin \u00e7arp\u0131\u015fmas\u0131 sonucu meydana gelen kazada 5 ki\u015fi yaraland\u0131. Kaza, Isparta\u2019n\u0131n \u015earkikaraa\u011fa\u00e7 il\u00e7esi A\u015fa\u011f\u0131kale Mahallesi Total kav\u015fa\u011f\u0131nda meydana geldi. Edinilen bilgiye g\u00f6re, Do\u011fan Y. idaresindeki 32 YU 405 plakal\u0131 hafif ticari ara\u00e7 ile Mustafa D. y\u00f6netimindeki 34 SP 7836 plakal\u0131 otomobil kav\u015fakta \u00e7arp\u0131\u015ft\u0131. Kazada s\u00fcr\u00fcc\u00fcler Do\u011fan Y. ve&#8230;<\/p>\n","protected":false},"author":1,"featured_media":49331,"comment_status":"open","ping_status":"open","sticky":false,"template":"","format":"standard","meta":{"_crdt_document":"","footnotes":""},"categories":[5],"tags":[],"class_list":["post-49330","post","type-post","status-publish","format-standard","has-post-thumbnail","hentry","category-asayis"],"_links":{"self":[{"href":"https:\/\/www.egemtv.com\/index.php?rest_route=\/wp\/v2\/posts\/49330","targetHints":{"allow":["GET"]}}],"collection":[{"href":"https:\/\/www.egemtv.com\/index.php?rest_route=\/wp\/v2\/posts"}],"about":[{"href":"https:\/\/www.egemtv.com\/index.php?rest_route=\/wp\/v2\/types\/post"}],"author":[{"embeddable":true,"href":"https:\/\/www.egemtv.com\/index.php?rest_route=\/wp\/v2\/users\/1"}],"replies":[{"embeddable":true,"href":"https:\/\/www.egemtv.com\/index.php?rest_route=%2Fwp%2Fv2%2Fcomments&post=49330"}],"version-history":[{"count":1,"href":"https:\/\/www.egemtv.com\/index.php?rest_route=\/wp\/v2\/posts\/49330\/revisions"}],"predecessor-version":[{"id":49332,"href":"https:\/\/www.egemtv.com\/index.php?rest_route=\/wp\/v2\/posts\/49330\/revisions\/49332"}],"wp:featuredmedia":[{"embeddable":true,"href":"https:\/\/www.egemtv.com\/index.php?rest_route=\/wp\/v2\/media\/49331"}],"wp:attachment":[{"href":"https:\/\/www.egemtv.com\/index.php?rest_route=%2Fwp%2Fv2%2Fmedia&parent=49330"}],"wp:term":[{"taxonomy":"category","embeddable":true,"href":"https:\/\/www.egemtv.com\/index.php?rest_route=%2Fwp%2Fv2%2Fcategories&post=49330"},{"taxonomy":"post_tag","embeddable":true,"href":"https:\/\/www.egemtv.com\/index.php?rest_route=%2Fwp%2Fv2%2Ftags&post=49330"}],"curies":[{"name":"wp","href":"https:\/\/api.w.org\/{rel}","templated":true}]}}