{"id":49327,"date":"2025-08-17T00:09:31","date_gmt":"2025-08-16T21:09:31","guid":{"rendered":"https:\/\/www.egemtv.com\/?p=49327"},"modified":"2025-08-17T00:09:32","modified_gmt":"2025-08-16T21:09:32","slug":"hakimiyeti-kaybolan-otomobil-hurdaya-dondu-1-olu","status":"publish","type":"post","link":"https:\/\/www.egemtv.com\/?p=49327","title":{"rendered":"Hakimiyeti kaybolan otomobil hurdaya d\u00f6nd\u00fc: 1 \u00f6l\u00fc"},"content":{"rendered":"<p>Ayd\u0131n\u2019\u0131n S\u00f6ke il\u00e7esi A\u011fa\u00e7l\u0131 yolunda meydana gelen trafik kazas\u0131nda a\u011f\u0131r yaralanan s\u00fcr\u00fcc\u00fc, S\u00f6ke Devlet Hastanesi\u2019nde yap\u0131lan t\u00fcm m\u00fcdahalelere ra\u011fmen kurtar\u0131lamad\u0131.<br \/>\n<br \/>Kaza, S\u00f6ke il\u00e7esi A\u011fa\u00e7l\u0131 yolu \u00fczerinde meydana geldi. Edinilen bilgiye g\u00f6re Mert Sak\u0131z idaresindeki 09 VG 626 plakal\u0131 arac\u0131n hen\u00fcz bilinmeyen bir nedenle seyir halindeyken direksiyon hakimiyeti kayboldu. Otomobilin savrulmas\u0131 sonucu meydana gelen kazada ara\u00e7 hurdaya d\u00f6nerken, s\u00fcr\u00fcc\u00fc a\u011f\u0131r \u015fekilde yaraland\u0131. \u0130hbar \u00fczerine olay yerine jandarma, sa\u011fl\u0131k ve itfaiye ekipleri sevk edildi. K\u0131sa s\u00fcrede b\u00f6lgeye gelen itfaiye ekipleri, ara\u00e7ta s\u0131k\u0131\u015fan s\u00fcr\u00fcc\u00fcy\u00fc \u00e7\u0131kararak sa\u011fl\u0131k ekiplerine teslim etti. Sa\u011fl\u0131k ekiplerince ambulansta yap\u0131lan ilk m\u00fcdahalenin ard\u0131ndan Sak\u0131z, S\u00f6ke Devlet Hastanesi\u2019ne kald\u0131r\u0131ld\u0131. Kazada a\u011f\u0131r yaralanan s\u00fcr\u00fcc\u00fc Mert Sak\u0131z\u2019\u0131n yap\u0131lan t\u00fcm m\u00fcdahalelere ra\u011fmen ya\u015fam\u0131n\u0131 yitirdi\u011fi \u00f6\u011frenilirken, kaza ile ilgili soru\u015fturma ba\u015flat\u0131ld\u0131.<br \/><\/p>\n","protected":false},"excerpt":{"rendered":"<p>Ayd\u0131n\u2019\u0131n S\u00f6ke il\u00e7esi A\u011fa\u00e7l\u0131 yolunda meydana gelen trafik kazas\u0131nda a\u011f\u0131r yaralanan s\u00fcr\u00fcc\u00fc, S\u00f6ke Devlet Hastanesi\u2019nde yap\u0131lan t\u00fcm m\u00fcdahalelere ra\u011fmen kurtar\u0131lamad\u0131. Kaza, S\u00f6ke il\u00e7esi A\u011fa\u00e7l\u0131 yolu \u00fczerinde meydana geldi. Edinilen bilgiye g\u00f6re Mert Sak\u0131z idaresindeki 09 VG 626 plakal\u0131 arac\u0131n hen\u00fcz bilinmeyen bir nedenle seyir halindeyken direksiyon hakimiyeti kayboldu. Otomobilin savrulmas\u0131 sonucu meydana gelen kazada ara\u00e7&#8230;<\/p>\n","protected":false},"author":1,"featured_media":49328,"comment_status":"open","ping_status":"open","sticky":false,"template":"","format":"standard","meta":{"_crdt_document":"","footnotes":""},"categories":[5],"tags":[],"class_list":["post-49327","post","type-post","status-publish","format-standard","has-post-thumbnail","hentry","category-asayis"],"_links":{"self":[{"href":"https:\/\/www.egemtv.com\/index.php?rest_route=\/wp\/v2\/posts\/49327","targetHints":{"allow":["GET"]}}],"collection":[{"href":"https:\/\/www.egemtv.com\/index.php?rest_route=\/wp\/v2\/posts"}],"about":[{"href":"https:\/\/www.egemtv.com\/index.php?rest_route=\/wp\/v2\/types\/post"}],"author":[{"embeddable":true,"href":"https:\/\/www.egemtv.com\/index.php?rest_route=\/wp\/v2\/users\/1"}],"replies":[{"embeddable":true,"href":"https:\/\/www.egemtv.com\/index.php?rest_route=%2Fwp%2Fv2%2Fcomments&post=49327"}],"version-history":[{"count":1,"href":"https:\/\/www.egemtv.com\/index.php?rest_route=\/wp\/v2\/posts\/49327\/revisions"}],"predecessor-version":[{"id":49329,"href":"https:\/\/www.egemtv.com\/index.php?rest_route=\/wp\/v2\/posts\/49327\/revisions\/49329"}],"wp:featuredmedia":[{"embeddable":true,"href":"https:\/\/www.egemtv.com\/index.php?rest_route=\/wp\/v2\/media\/49328"}],"wp:attachment":[{"href":"https:\/\/www.egemtv.com\/index.php?rest_route=%2Fwp%2Fv2%2Fmedia&parent=49327"}],"wp:term":[{"taxonomy":"category","embeddable":true,"href":"https:\/\/www.egemtv.com\/index.php?rest_route=%2Fwp%2Fv2%2Fcategories&post=49327"},{"taxonomy":"post_tag","embeddable":true,"href":"https:\/\/www.egemtv.com\/index.php?rest_route=%2Fwp%2Fv2%2Ftags&post=49327"}],"curies":[{"name":"wp","href":"https:\/\/api.w.org\/{rel}","templated":true}]}}