{"id":49324,"date":"2025-08-17T00:09:30","date_gmt":"2025-08-16T21:09:30","guid":{"rendered":"https:\/\/www.egemtv.com\/?p=49324"},"modified":"2025-08-17T00:09:31","modified_gmt":"2025-08-16T21:09:31","slug":"trendyol-super-lig-goztepe-0-fenerbahce-0-mac-sonucu","status":"publish","type":"post","link":"https:\/\/www.egemtv.com\/?p=49324","title":{"rendered":"Trendyol S\u00fcper Lig: G\u00f6ztepe: 0 &#8211; Fenerbah\u00e7e: 0 (Ma\u00e7 sonucu)"},"content":{"rendered":"<p>Trendyol S\u00fcper Lig\u2019in 2. haftas\u0131nda G\u00f6ztepe, sahas\u0131nda Fenerbah\u00e7e ile gols\u00fcz berabere kald\u0131.<\/p>\n<p>Ma\u00e7tan dakikalar (\u0130kinci yar\u0131)<br \/>\n<br \/>58. dakikada sa\u011f kanatta Juan\u2019\u0131n ceza sahas\u0131na girip Brown\u2019dan s\u0131yr\u0131larak penalt\u0131 noktas\u0131na g\u00f6nderdi\u011fi pas\u0131 Amrabat dokunarak kaleci \u0130rfan Can\u2019a kazand\u0131rd\u0131.<br \/>\n<br \/>61. dakikada h\u0131zl\u0131 h\u00fccumda Semedo\u2019ya arkadan yapt\u0131\u011f\u0131 m\u00fcdahale sonras\u0131 Juan, ikinci sar\u0131dan k\u0131rm\u0131z\u0131 kartla oyun d\u0131\u015f\u0131 kald\u0131.<br \/>\n<br \/>66. dakikada yedek kul\u00fcbesinde itirazlar\u0131n\u0131 s\u00fcrd\u00fcren \u0130smail K\u00f6yba\u015f\u0131, ikinci sar\u0131 karttan k\u0131rm\u0131z\u0131 kart g\u00f6rd\u00fc.<br \/>\n<br \/>75. dakikada ceza sahas\u0131 sol taraf\u0131nda topu kontrol eden Szymanski\u2019nin arka dire\u011fe g\u00f6nderdi\u011fi ortada En Nesyri\u2019nin kafa vuru\u015funda top \u00fcstten auta \u00e7\u0131kt\u0131.<br \/>\n<br \/>85. dakikada Oosterwolde, Emerson\u2019u formas\u0131ndan \u00e7ekerek d\u00fc\u015f\u00fcr\u00fcnce hakem Yasin Kol, ikinci sar\u0131dan k\u0131rm\u0131z\u0131 kartla sar\u0131-lacivertli oyuncuyu oyundan att\u0131.<br \/>\n<br \/>90+2. dakikada VAR incelemesinin ard\u0131ndan hakem Yasin Kol, Miroshi\u2019nin Cenk\u2019e yapt\u0131\u011f\u0131 m\u00fcdahaleyi penalt\u0131 olarak de\u011ferlendirdi.<br \/>\n<br \/>90+5. dakikada beyaz noktan\u0131n ba\u015f\u0131na ge\u00e7en Talisca\u2019n\u0131n \u015futunda kaleci Lis \u00e7eldi gole izin vermedi.<\/p>\n<p>Stat: G\u00fcrsel Aksel<br \/>\n<br \/>Hakemler: Yasin Kol, Ceyhun Sesig\u00fczel, Mehmet K\u0131sal<br \/>\n<br \/>G\u00f6ztepe: Mateusz Lis, Allan, Heliton, Bokele, Arda Okan Kurtulan (Taha Alt\u0131karde\u015f dk. 90), Rhaldney (Furkan Bay\u0131r dk. 90), Dennis (Efkan Bekiro\u011flu dk. 78), Cherni, Olaitan (Miroshi dk. 70), Juan, Janderson (Emersonn dk. 70)<br \/>\n<br \/>Yedekler: Ekrem K\u0131l\u0131\u00e7arslan, \u0130smail K\u00f6yba\u015f\u0131, Ruan, Furkan Bay\u0131r, Ahmed Ild\u0131z, Sabra<br \/>\n<br \/>Teknik Direkt\u00f6r: Stanimir Stoilov<br \/>\n<br \/>Fenerbah\u00e7e: \u0130rfan Can E\u011fribayat, Yusuf Ak\u00e7i\u00e7ek, Milan Skriniar, Jayden Oosterwolde, Nelson Semedo (O\u011fuz Ayd\u0131n dk. 76), Fred (Anderson Talisca dk. 70), Sofyan Amrabat, Archie Brown, Sebastian Szymanski, Jhon Duran (\u0130rfan Can Kahveci dk. 76), En-Nesyri (Cenk Tosun dk. 87)<br \/>\n<br \/>Yedekler: Dominik Livakovic, Alexander Djiku, Yi\u011fit Efe Demir, Levent Mercan, \u0130smail Y\u00fcksek, Bartu\u011f Elmaz,<br \/>\n<br \/>Teknik Direkt\u00f6r: Jose Mourinho<br \/>\n<br \/>K\u0131rm\u0131z\u0131 kartlar: Juan (dk. 61), \u0130smail K\u00f6yba\u015f\u0131 (dk. 66) (G\u00f6ztepe), Oosterwolde (dk. 85) (Fenerbah\u00e7e)<br \/>\n<br \/>Sar\u0131 kartlar: Allan, Arda Okan Kurtulan, Bokele, Miroshi (G\u00f6ztepe), En Nesyri, Jhon Duran, Jayden Oosterwolde (Fenerbah\u00e7e)<br \/><\/p>\n","protected":false},"excerpt":{"rendered":"<p>Trendyol S\u00fcper Lig\u2019in 2. haftas\u0131nda G\u00f6ztepe, sahas\u0131nda Fenerbah\u00e7e ile gols\u00fcz berabere kald\u0131. Ma\u00e7tan dakikalar (\u0130kinci yar\u0131) 58. dakikada sa\u011f kanatta Juan\u2019\u0131n ceza sahas\u0131na girip Brown\u2019dan s\u0131yr\u0131larak penalt\u0131 noktas\u0131na g\u00f6nderdi\u011fi pas\u0131 Amrabat dokunarak kaleci \u0130rfan Can\u2019a kazand\u0131rd\u0131. 61. dakikada h\u0131zl\u0131 h\u00fccumda Semedo\u2019ya arkadan yapt\u0131\u011f\u0131 m\u00fcdahale sonras\u0131 Juan, ikinci sar\u0131dan k\u0131rm\u0131z\u0131 kartla oyun d\u0131\u015f\u0131 kald\u0131. 66. dakikada&#8230;<\/p>\n","protected":false},"author":1,"featured_media":49325,"comment_status":"open","ping_status":"open","sticky":false,"template":"","format":"standard","meta":{"_crdt_document":"","footnotes":""},"categories":[4],"tags":[],"class_list":["post-49324","post","type-post","status-publish","format-standard","has-post-thumbnail","hentry","category-spor"],"_links":{"self":[{"href":"https:\/\/www.egemtv.com\/index.php?rest_route=\/wp\/v2\/posts\/49324","targetHints":{"allow":["GET"]}}],"collection":[{"href":"https:\/\/www.egemtv.com\/index.php?rest_route=\/wp\/v2\/posts"}],"about":[{"href":"https:\/\/www.egemtv.com\/index.php?rest_route=\/wp\/v2\/types\/post"}],"author":[{"embeddable":true,"href":"https:\/\/www.egemtv.com\/index.php?rest_route=\/wp\/v2\/users\/1"}],"replies":[{"embeddable":true,"href":"https:\/\/www.egemtv.com\/index.php?rest_route=%2Fwp%2Fv2%2Fcomments&post=49324"}],"version-history":[{"count":1,"href":"https:\/\/www.egemtv.com\/index.php?rest_route=\/wp\/v2\/posts\/49324\/revisions"}],"predecessor-version":[{"id":49326,"href":"https:\/\/www.egemtv.com\/index.php?rest_route=\/wp\/v2\/posts\/49324\/revisions\/49326"}],"wp:featuredmedia":[{"embeddable":true,"href":"https:\/\/www.egemtv.com\/index.php?rest_route=\/wp\/v2\/media\/49325"}],"wp:attachment":[{"href":"https:\/\/www.egemtv.com\/index.php?rest_route=%2Fwp%2Fv2%2Fmedia&parent=49324"}],"wp:term":[{"taxonomy":"category","embeddable":true,"href":"https:\/\/www.egemtv.com\/index.php?rest_route=%2Fwp%2Fv2%2Fcategories&post=49324"},{"taxonomy":"post_tag","embeddable":true,"href":"https:\/\/www.egemtv.com\/index.php?rest_route=%2Fwp%2Fv2%2Ftags&post=49324"}],"curies":[{"name":"wp","href":"https:\/\/api.w.org\/{rel}","templated":true}]}}