{"id":49300,"date":"2025-08-16T19:14:42","date_gmt":"2025-08-16T16:14:42","guid":{"rendered":"https:\/\/www.egemtv.com\/?p=49300"},"modified":"2025-08-16T19:14:43","modified_gmt":"2025-08-16T16:14:43","slug":"aydinli-antrenor-milli-takima-davet-edildi","status":"publish","type":"post","link":"https:\/\/www.egemtv.com\/?p=49300","title":{"rendered":"Ayd\u0131nl\u0131 antren\u00f6r milli tak\u0131ma davet edildi"},"content":{"rendered":"<p>Ayd\u0131n \u0130l Karmas\u0131\u2019n\u0131 Analig Hentbol T\u00fcrkiye Finalleri\u2019nde ikincili\u011fe ta\u015f\u0131yan antren\u00f6r F\u0131rat Erdil, U16 Erkekler Milli Tak\u0131m Kamp\u0131\u2019na davet edilerek Ayd\u0131n\u2019\u0131 gururland\u0131rd\u0131.<br \/>\n<br \/>Anadolu Y\u0131ld\u0131zlar Ligi (Analig) Hentbol T\u00fcrkiye Finalleri\u2019nde Ayd\u0131n \u0130l Karmas\u0131 ile m\u00fccadele ederek turnuvay\u0131 ikincilikle tamamlayan tak\u0131m\u0131n antren\u00f6r\u00fc F\u0131rat Erdil, T\u00fcrkiye Hentbol Federasyonu taraf\u0131ndan U16 Erkekler Milli Tak\u0131m Kamp\u0131\u2019na davet edildi. Kuyucak Gen\u00e7lik ve Spor \u0130l\u00e7e M\u00fcd\u00fcrl\u00fc\u011f\u00fc\u2019nde g\u00f6rev yapan Erdil, spora sundu\u011fu katk\u0131lar ve gen\u00e7 sporcular\u0131n yeti\u015fmesine sa\u011flad\u0131\u011f\u0131 destekle tan\u0131n\u0131yor. Ba\u015far\u0131l\u0131 antren\u00f6r, bug\u00fcne kadar elde etti\u011fi derecelerle Ayd\u0131n\u2019\u0131n gurur kayna\u011f\u0131 olurken, milli tak\u0131m kamp\u0131nda g\u00f6rev alarak T\u00fcrkiye\u2019yi temsil etme onurunu ya\u015fayacak.<br \/>\n<br \/>F\u0131rat Erdil\u2019i tebrik ederek milli tak\u0131mdaki g\u00f6revinde ba\u015far\u0131lar dileyen Ayd\u0131n Gen\u00e7lik ve Spor \u0130l M\u00fcd\u00fcrl\u00fc\u011f\u00fc, yapt\u0131\u011f\u0131 a\u00e7\u0131klamada &#8220;Anadolu Y\u0131ld\u0131zlar Ligi (Analig) Hentbol T\u00fcrkiye Finalleri\u2019nde Ayd\u0131n \u0130l Karmas\u0131 ile m\u00fccadele eden ve finalleri 2\u2019ncilikle tamamlayan hentbol tak\u0131m\u0131m\u0131z\u0131n antren\u00f6r\u00fc F\u0131rat Erdil, Hentbol Federasyonu taraf\u0131ndan U16 Erkekler Milli Tak\u0131m Kamp\u0131 kadrosuna davet edildi. \u0130l M\u00fcd\u00fcrl\u00fc\u011f\u00fcm\u00fcz olarak spora verdi\u011fi emek ve kazand\u0131rd\u0131\u011f\u0131 de\u011ferli sporcularla fark olu\u015fturan antren\u00f6r\u00fcm\u00fcz F\u0131rat Erdil\u2019i tebrik ediyor, milli tak\u0131m g\u00f6revinde \u00fcst\u00fcn ba\u015far\u0131lar diliyoruz&#8221; ifadeleri yer ald\u0131.<br \/><\/p>\n","protected":false},"excerpt":{"rendered":"<p>Ayd\u0131n \u0130l Karmas\u0131\u2019n\u0131 Analig Hentbol T\u00fcrkiye Finalleri\u2019nde ikincili\u011fe ta\u015f\u0131yan antren\u00f6r F\u0131rat Erdil, U16 Erkekler Milli Tak\u0131m Kamp\u0131\u2019na davet edilerek Ayd\u0131n\u2019\u0131 gururland\u0131rd\u0131. Anadolu Y\u0131ld\u0131zlar Ligi (Analig) Hentbol T\u00fcrkiye Finalleri\u2019nde Ayd\u0131n \u0130l Karmas\u0131 ile m\u00fccadele ederek turnuvay\u0131 ikincilikle tamamlayan tak\u0131m\u0131n antren\u00f6r\u00fc F\u0131rat Erdil, T\u00fcrkiye Hentbol Federasyonu taraf\u0131ndan U16 Erkekler Milli Tak\u0131m Kamp\u0131\u2019na davet edildi. Kuyucak Gen\u00e7lik ve&#8230;<\/p>\n","protected":false},"author":1,"featured_media":49301,"comment_status":"open","ping_status":"open","sticky":false,"template":"","format":"standard","meta":{"_crdt_document":"","footnotes":""},"categories":[4],"tags":[],"class_list":["post-49300","post","type-post","status-publish","format-standard","has-post-thumbnail","hentry","category-spor"],"_links":{"self":[{"href":"https:\/\/www.egemtv.com\/index.php?rest_route=\/wp\/v2\/posts\/49300","targetHints":{"allow":["GET"]}}],"collection":[{"href":"https:\/\/www.egemtv.com\/index.php?rest_route=\/wp\/v2\/posts"}],"about":[{"href":"https:\/\/www.egemtv.com\/index.php?rest_route=\/wp\/v2\/types\/post"}],"author":[{"embeddable":true,"href":"https:\/\/www.egemtv.com\/index.php?rest_route=\/wp\/v2\/users\/1"}],"replies":[{"embeddable":true,"href":"https:\/\/www.egemtv.com\/index.php?rest_route=%2Fwp%2Fv2%2Fcomments&post=49300"}],"version-history":[{"count":1,"href":"https:\/\/www.egemtv.com\/index.php?rest_route=\/wp\/v2\/posts\/49300\/revisions"}],"predecessor-version":[{"id":49302,"href":"https:\/\/www.egemtv.com\/index.php?rest_route=\/wp\/v2\/posts\/49300\/revisions\/49302"}],"wp:featuredmedia":[{"embeddable":true,"href":"https:\/\/www.egemtv.com\/index.php?rest_route=\/wp\/v2\/media\/49301"}],"wp:attachment":[{"href":"https:\/\/www.egemtv.com\/index.php?rest_route=%2Fwp%2Fv2%2Fmedia&parent=49300"}],"wp:term":[{"taxonomy":"category","embeddable":true,"href":"https:\/\/www.egemtv.com\/index.php?rest_route=%2Fwp%2Fv2%2Fcategories&post=49300"},{"taxonomy":"post_tag","embeddable":true,"href":"https:\/\/www.egemtv.com\/index.php?rest_route=%2Fwp%2Fv2%2Ftags&post=49300"}],"curies":[{"name":"wp","href":"https:\/\/api.w.org\/{rel}","templated":true}]}}