{"id":49297,"date":"2025-08-16T18:55:50","date_gmt":"2025-08-16T15:55:50","guid":{"rendered":"https:\/\/www.egemtv.com\/?p=49297"},"modified":"2025-08-16T18:55:51","modified_gmt":"2025-08-16T15:55:51","slug":"salihli-ilce-tarimdan-zeytin-sinegi-uyarisi","status":"publish","type":"post","link":"https:\/\/www.egemtv.com\/?p=49297","title":{"rendered":"Salihli \u0130l\u00e7e Tar\u0131mdan \u2018zeytin sine\u011fi\u2019 uyar\u0131s\u0131"},"content":{"rendered":"<p>Manisa\u2019n\u0131n Salihli \u0130l\u00e7e Tar\u0131m ve Orman M\u00fcd\u00fcrl\u00fc\u011f\u00fc ekipleri \u00fcreticileri zeytin sine\u011fi zararl\u0131s\u0131na kar\u015f\u0131 uyard\u0131.<br \/>\n<br \/>Salihli\u2019de saha \u00e7al\u0131\u015fmalar\u0131 ger\u00e7ekle\u015ftiren \u0130l\u00e7e Tar\u0131m ve Orman M\u00fcd\u00fcrl\u00fc\u011f\u00fc ekipleri, zeytin sine\u011fine kar\u015f\u0131 \u00fcreticileri ila\u00e7lama \u00e7a\u011fr\u0131s\u0131nda bulundu.<br \/>\n<br \/>M\u00fcd\u00fcrl\u00fckten yap\u0131lan a\u00e7\u0131klamada &#8220;Salihli\u2019nin y\u00fcksek kesimlerinde Poyraz, G\u00f6key\u00fcp, Kemer, Kurttutan, Hac\u0131h\u0131d\u0131r ve Bozda\u011f mahallerinde zeytinli\u011fi olan \u00fcreticilerimizin 18 A\u011fustos tarihine kadar zeytin sine\u011fine kar\u015f\u0131 ruhsatl\u0131 bir bitki koruma \u00fcr\u00fcn\u00fc ile m\u00fccadele yapmalar\u0131 gerekmektedir&#8221; s\u00f6zlerine yer verildi.<br \/><\/p>\n","protected":false},"excerpt":{"rendered":"<p>Manisa\u2019n\u0131n Salihli \u0130l\u00e7e Tar\u0131m ve Orman M\u00fcd\u00fcrl\u00fc\u011f\u00fc ekipleri \u00fcreticileri zeytin sine\u011fi zararl\u0131s\u0131na kar\u015f\u0131 uyard\u0131. Salihli\u2019de saha \u00e7al\u0131\u015fmalar\u0131 ger\u00e7ekle\u015ftiren \u0130l\u00e7e Tar\u0131m ve Orman M\u00fcd\u00fcrl\u00fc\u011f\u00fc ekipleri, zeytin sine\u011fine kar\u015f\u0131 \u00fcreticileri ila\u00e7lama \u00e7a\u011fr\u0131s\u0131nda bulundu. M\u00fcd\u00fcrl\u00fckten yap\u0131lan a\u00e7\u0131klamada &#8220;Salihli\u2019nin y\u00fcksek kesimlerinde Poyraz, G\u00f6key\u00fcp, Kemer, Kurttutan, Hac\u0131h\u0131d\u0131r ve Bozda\u011f mahallerinde zeytinli\u011fi olan \u00fcreticilerimizin 18 A\u011fustos tarihine kadar zeytin sine\u011fine kar\u015f\u0131&#8230;<\/p>\n","protected":false},"author":1,"featured_media":49298,"comment_status":"open","ping_status":"open","sticky":false,"template":"","format":"standard","meta":{"_crdt_document":"","footnotes":""},"categories":[125],"tags":[],"class_list":["post-49297","post","type-post","status-publish","format-standard","has-post-thumbnail","hentry","category-ekonomi"],"_links":{"self":[{"href":"https:\/\/www.egemtv.com\/index.php?rest_route=\/wp\/v2\/posts\/49297","targetHints":{"allow":["GET"]}}],"collection":[{"href":"https:\/\/www.egemtv.com\/index.php?rest_route=\/wp\/v2\/posts"}],"about":[{"href":"https:\/\/www.egemtv.com\/index.php?rest_route=\/wp\/v2\/types\/post"}],"author":[{"embeddable":true,"href":"https:\/\/www.egemtv.com\/index.php?rest_route=\/wp\/v2\/users\/1"}],"replies":[{"embeddable":true,"href":"https:\/\/www.egemtv.com\/index.php?rest_route=%2Fwp%2Fv2%2Fcomments&post=49297"}],"version-history":[{"count":1,"href":"https:\/\/www.egemtv.com\/index.php?rest_route=\/wp\/v2\/posts\/49297\/revisions"}],"predecessor-version":[{"id":49299,"href":"https:\/\/www.egemtv.com\/index.php?rest_route=\/wp\/v2\/posts\/49297\/revisions\/49299"}],"wp:featuredmedia":[{"embeddable":true,"href":"https:\/\/www.egemtv.com\/index.php?rest_route=\/wp\/v2\/media\/49298"}],"wp:attachment":[{"href":"https:\/\/www.egemtv.com\/index.php?rest_route=%2Fwp%2Fv2%2Fmedia&parent=49297"}],"wp:term":[{"taxonomy":"category","embeddable":true,"href":"https:\/\/www.egemtv.com\/index.php?rest_route=%2Fwp%2Fv2%2Fcategories&post=49297"},{"taxonomy":"post_tag","embeddable":true,"href":"https:\/\/www.egemtv.com\/index.php?rest_route=%2Fwp%2Fv2%2Ftags&post=49297"}],"curies":[{"name":"wp","href":"https:\/\/api.w.org\/{rel}","templated":true}]}}