{"id":49294,"date":"2025-08-16T18:55:49","date_gmt":"2025-08-16T15:55:49","guid":{"rendered":"https:\/\/www.egemtv.com\/?p=49294"},"modified":"2025-08-16T18:55:50","modified_gmt":"2025-08-16T15:55:50","slug":"manisada-sir-cinayette-supheli-tanidik-cikti","status":"publish","type":"post","link":"https:\/\/www.egemtv.com\/?p=49294","title":{"rendered":"Manisa\u2019da s\u0131r cinayette \u015f\u00fcpheli tan\u0131d\u0131k \u00e7\u0131kt\u0131"},"content":{"rendered":"<p>Manisa\u2019n\u0131n Salihli il\u00e7esinde d\u00fcn ak\u015fam saatlerinde evinde b\u0131\u00e7aklanarak \u00f6ld\u00fcr\u00fclm\u00fc\u015f halde bulunan 16 ya\u015f\u0131ndaki k\u0131z \u00e7ocu\u011fu Hatice F\u0131rt\u0131na\u2019n\u0131n katili akrabas\u0131 \u00e7\u0131kt\u0131.<br \/>\n<br \/>Olay, Kurtulu\u015f Mahallesi 279. Sokak\u2019ta bulunan bir evde meydana geldi. D\u00fcn saat 18.00 s\u0131ralar\u0131nda i\u015ften eve d\u00f6nen baba Sel\u00e7uk F\u0131rt\u0131na, evin i\u00e7inde 16 ya\u015f\u0131ndaki k\u0131z\u0131 Hatice F\u0131rt\u0131na\u2019y\u0131 yerde hareketsiz \u015fekilde kanlar i\u00e7inde buldu. Baban\u0131n ihbar\u0131 \u00fczerine olay yerine gelen sa\u011fl\u0131k ekipleri, Hatice F\u0131rt\u0131na\u2019n\u0131n birden fazla b\u0131\u00e7ak darbesi sonucu hayat\u0131n\u0131 kaybetti\u011fini tespit etti.<br \/>\n<br \/>Ac\u0131 olay\u0131n ard\u0131ndan soru\u015fturmay\u0131 derinle\u015ftiren Salihli \u0130l\u00e7e Emniyet M\u00fcd\u00fcrl\u00fc\u011f\u00fc ekipleri, evde yapt\u0131klar\u0131 inceleme ve toplanan deliler kapsam\u0131nda \u015f\u00fcphelinin, ailenin akrabas\u0131 olan Fatih F\u0131rt\u0131na (36) oldu\u011funu belirledi.<br \/>\n<br \/>B\u00f6lgedeki yakla\u015f\u0131k 80 kameradan 300 saatlik g\u00f6r\u00fcnt\u00fcy\u00fc analiz eden polis, \u015f\u00fcpheli Fatih F\u0131rt\u0131na\u2019y\u0131 su\u00e7 aleti ile birlikte g\u00f6zalt\u0131na ald\u0131.<br \/>\n<br \/>Fatih F\u0131rt\u0131na\u2019n\u0131n yar\u0131n adliyeye sevk edilece\u011fi \u00f6\u011frenilirken, \u015f\u00fcphelinin ilk ifadesinde, eve h\u0131rs\u0131zl\u0131k yapmak amac\u0131yla girdi\u011fini, evde Hatice F\u0131rt\u0131na ile kar\u015f\u0131la\u015f\u0131nca pani\u011fe kap\u0131l\u0131p, b\u0131\u00e7aklay\u0131p ka\u00e7t\u0131\u011f\u0131n\u0131 s\u00f6yledi\u011fi iddia edildi.<br \/><\/p>\n","protected":false},"excerpt":{"rendered":"<p>Manisa\u2019n\u0131n Salihli il\u00e7esinde d\u00fcn ak\u015fam saatlerinde evinde b\u0131\u00e7aklanarak \u00f6ld\u00fcr\u00fclm\u00fc\u015f halde bulunan 16 ya\u015f\u0131ndaki k\u0131z \u00e7ocu\u011fu Hatice F\u0131rt\u0131na\u2019n\u0131n katili akrabas\u0131 \u00e7\u0131kt\u0131. Olay, Kurtulu\u015f Mahallesi 279. Sokak\u2019ta bulunan bir evde meydana geldi. D\u00fcn saat 18.00 s\u0131ralar\u0131nda i\u015ften eve d\u00f6nen baba Sel\u00e7uk F\u0131rt\u0131na, evin i\u00e7inde 16 ya\u015f\u0131ndaki k\u0131z\u0131 Hatice F\u0131rt\u0131na\u2019y\u0131 yerde hareketsiz \u015fekilde kanlar i\u00e7inde buldu. Baban\u0131n ihbar\u0131&#8230;<\/p>\n","protected":false},"author":1,"featured_media":49295,"comment_status":"open","ping_status":"open","sticky":false,"template":"","format":"standard","meta":{"_crdt_document":"","footnotes":""},"categories":[5],"tags":[],"class_list":["post-49294","post","type-post","status-publish","format-standard","has-post-thumbnail","hentry","category-asayis"],"_links":{"self":[{"href":"https:\/\/www.egemtv.com\/index.php?rest_route=\/wp\/v2\/posts\/49294","targetHints":{"allow":["GET"]}}],"collection":[{"href":"https:\/\/www.egemtv.com\/index.php?rest_route=\/wp\/v2\/posts"}],"about":[{"href":"https:\/\/www.egemtv.com\/index.php?rest_route=\/wp\/v2\/types\/post"}],"author":[{"embeddable":true,"href":"https:\/\/www.egemtv.com\/index.php?rest_route=\/wp\/v2\/users\/1"}],"replies":[{"embeddable":true,"href":"https:\/\/www.egemtv.com\/index.php?rest_route=%2Fwp%2Fv2%2Fcomments&post=49294"}],"version-history":[{"count":1,"href":"https:\/\/www.egemtv.com\/index.php?rest_route=\/wp\/v2\/posts\/49294\/revisions"}],"predecessor-version":[{"id":49296,"href":"https:\/\/www.egemtv.com\/index.php?rest_route=\/wp\/v2\/posts\/49294\/revisions\/49296"}],"wp:featuredmedia":[{"embeddable":true,"href":"https:\/\/www.egemtv.com\/index.php?rest_route=\/wp\/v2\/media\/49295"}],"wp:attachment":[{"href":"https:\/\/www.egemtv.com\/index.php?rest_route=%2Fwp%2Fv2%2Fmedia&parent=49294"}],"wp:term":[{"taxonomy":"category","embeddable":true,"href":"https:\/\/www.egemtv.com\/index.php?rest_route=%2Fwp%2Fv2%2Fcategories&post=49294"},{"taxonomy":"post_tag","embeddable":true,"href":"https:\/\/www.egemtv.com\/index.php?rest_route=%2Fwp%2Fv2%2Ftags&post=49294"}],"curies":[{"name":"wp","href":"https:\/\/api.w.org\/{rel}","templated":true}]}}