{"id":49285,"date":"2025-08-16T17:14:58","date_gmt":"2025-08-16T14:14:58","guid":{"rendered":"https:\/\/www.egemtv.com\/?p=49285"},"modified":"2025-08-16T17:14:59","modified_gmt":"2025-08-16T14:14:59","slug":"eber-golunde-2-gun-icerisinde-2nci-yangin","status":"publish","type":"post","link":"https:\/\/www.egemtv.com\/?p=49285","title":{"rendered":"Eber G\u00f6l\u00fc\u2019nde 2 g\u00fcn i\u00e7erisinde 2\u2019nci yang\u0131n"},"content":{"rendered":"<p>Afyonkarahisar\u2019da 2 g\u00fcn \u00f6nce yang\u0131n \u00e7\u0131kan Eber G\u00f6l\u00fc\u2019n\u00fcn \u00e7evresinde yeniden dumanlar\u0131n y\u00fckseldi\u011fi bildirildi.<br \/>\n<br \/>Bolvadin il\u00e7esinde bulunan T\u00fcrkiye\u2019nin en b\u00fcy\u00fck 12\u2019nci g\u00f6l\u00fc olan Eber G\u00f6l\u00fc\u2019n\u00fcn \u00e7evresinde 14 A\u011fustos 2025 tarihinde yang\u0131n \u00e7\u0131km\u0131\u015ft\u0131. B\u00f6lgeye sevk edilen ekiplerin m\u00fcdahalesiyle yang\u0131n s\u00f6nd\u00fcr\u00fcl\u00fcrken, ayn\u0131 yerdeki otluk bir alandan yeniden dumanlar y\u00fckselmeye ba\u015flad\u0131. \u0130hbar \u00fczerine b\u00f6lgeye itfaiye ekipleri sevk edildi. An itibariyle hem ekipler hem de b\u00f6lge sakinleri yang\u0131n\u0131n s\u00f6nd\u00fcr\u00fclmesi i\u00e7in \u00e7al\u0131\u015fmalar\u0131n\u0131 s\u00fcrd\u00fcr\u00fcyor.<br \/><\/p>\n","protected":false},"excerpt":{"rendered":"<p>Afyonkarahisar\u2019da 2 g\u00fcn \u00f6nce yang\u0131n \u00e7\u0131kan Eber G\u00f6l\u00fc\u2019n\u00fcn \u00e7evresinde yeniden dumanlar\u0131n y\u00fckseldi\u011fi bildirildi. Bolvadin il\u00e7esinde bulunan T\u00fcrkiye\u2019nin en b\u00fcy\u00fck 12\u2019nci g\u00f6l\u00fc olan Eber G\u00f6l\u00fc\u2019n\u00fcn \u00e7evresinde 14 A\u011fustos 2025 tarihinde yang\u0131n \u00e7\u0131km\u0131\u015ft\u0131. B\u00f6lgeye sevk edilen ekiplerin m\u00fcdahalesiyle yang\u0131n s\u00f6nd\u00fcr\u00fcl\u00fcrken, ayn\u0131 yerdeki otluk bir alandan yeniden dumanlar y\u00fckselmeye ba\u015flad\u0131. \u0130hbar \u00fczerine b\u00f6lgeye itfaiye ekipleri sevk edildi. An&#8230;<\/p>\n","protected":false},"author":1,"featured_media":49286,"comment_status":"open","ping_status":"open","sticky":false,"template":"","format":"standard","meta":{"_crdt_document":"","footnotes":""},"categories":[5],"tags":[],"class_list":["post-49285","post","type-post","status-publish","format-standard","has-post-thumbnail","hentry","category-asayis"],"_links":{"self":[{"href":"https:\/\/www.egemtv.com\/index.php?rest_route=\/wp\/v2\/posts\/49285","targetHints":{"allow":["GET"]}}],"collection":[{"href":"https:\/\/www.egemtv.com\/index.php?rest_route=\/wp\/v2\/posts"}],"about":[{"href":"https:\/\/www.egemtv.com\/index.php?rest_route=\/wp\/v2\/types\/post"}],"author":[{"embeddable":true,"href":"https:\/\/www.egemtv.com\/index.php?rest_route=\/wp\/v2\/users\/1"}],"replies":[{"embeddable":true,"href":"https:\/\/www.egemtv.com\/index.php?rest_route=%2Fwp%2Fv2%2Fcomments&post=49285"}],"version-history":[{"count":1,"href":"https:\/\/www.egemtv.com\/index.php?rest_route=\/wp\/v2\/posts\/49285\/revisions"}],"predecessor-version":[{"id":49287,"href":"https:\/\/www.egemtv.com\/index.php?rest_route=\/wp\/v2\/posts\/49285\/revisions\/49287"}],"wp:featuredmedia":[{"embeddable":true,"href":"https:\/\/www.egemtv.com\/index.php?rest_route=\/wp\/v2\/media\/49286"}],"wp:attachment":[{"href":"https:\/\/www.egemtv.com\/index.php?rest_route=%2Fwp%2Fv2%2Fmedia&parent=49285"}],"wp:term":[{"taxonomy":"category","embeddable":true,"href":"https:\/\/www.egemtv.com\/index.php?rest_route=%2Fwp%2Fv2%2Fcategories&post=49285"},{"taxonomy":"post_tag","embeddable":true,"href":"https:\/\/www.egemtv.com\/index.php?rest_route=%2Fwp%2Fv2%2Ftags&post=49285"}],"curies":[{"name":"wp","href":"https:\/\/api.w.org\/{rel}","templated":true}]}}