{"id":49282,"date":"2025-08-16T16:55:33","date_gmt":"2025-08-16T13:55:33","guid":{"rendered":"https:\/\/www.egemtv.com\/?p=49282"},"modified":"2025-08-16T16:55:34","modified_gmt":"2025-08-16T13:55:34","slug":"meksikali-turist-icin-tibbi-tahliye","status":"publish","type":"post","link":"https:\/\/www.egemtv.com\/?p=49282","title":{"rendered":"Meksikal\u0131 turist i\u00e7in t\u0131bbi tahliye"},"content":{"rendered":"<p>Mu\u011fla\u2019n\u0131n Bodrum il\u00e7esi a\u00e7\u0131klar\u0131nda seyreden teknedeki Meksikal\u0131 turistin epilepsi n\u00f6beti ge\u00e7irmesi \u00fczerine t\u0131bbi tahliyesi yap\u0131ld\u0131.<br \/>\n<br \/>\u00d6nceki g\u00fcn \u00f6\u011fle saatlerinde Dat\u00e7a Knidos\u2019tan Bodrum\u2019a seyreden bir teknedeki Meksikal\u0131 turist, epilepsi n\u00f6beti ge\u00e7irdi. Tekne kaptan\u0131, 112 \u00c7a\u011fr\u0131 Merkezi\u2019nden yard\u0131m talebinde bulundu. Tekne kaptan\u0131n b\u00f6lgede deniz \u015fartlar\u0131n\u0131n a\u011f\u0131r olmas\u0131 nedeniyle transferin m\u00fcmk\u00fcn olamayaca\u011f\u0131n\u0131 bildirmesi \u00fczerine Karaada a\u00e7\u0131klar\u0131na yak\u0131n bir b\u00f6lgeden daha emniyetli transfer olana\u011f\u0131 kararla\u015ft\u0131r\u0131ld\u0131.<br \/>\n<br \/>Teknenin planlanan saatte Karaada a\u00e7\u0131klar\u0131na gelmesi \u00fczerine Bodrum Deniz Kurtarma ekipleri, 112 Acil Sa\u011fl\u0131k ekipleri ile birlikte bulu\u015fma noktas\u0131ndan emniyetli bir \u015fekilde hasta transferi ger\u00e7ekle\u015ftirdi.<br \/>\n<br \/>Meksika vatanda\u015f\u0131 olan gen\u00e7 kad\u0131n, 112 Acil Sa\u011fl\u0131k ambulans\u0131yla il\u00e7edeki \u00f6zel bir hastaneye sevk edildi. Turistin durumunun kontrol alt\u0131nda bulundu\u011fu birka\u00e7 g\u00fcn hastanede tutulaca\u011f\u0131 bilgisi edinildi.<br \/><\/p>\n","protected":false},"excerpt":{"rendered":"<p>Mu\u011fla\u2019n\u0131n Bodrum il\u00e7esi a\u00e7\u0131klar\u0131nda seyreden teknedeki Meksikal\u0131 turistin epilepsi n\u00f6beti ge\u00e7irmesi \u00fczerine t\u0131bbi tahliyesi yap\u0131ld\u0131. \u00d6nceki g\u00fcn \u00f6\u011fle saatlerinde Dat\u00e7a Knidos\u2019tan Bodrum\u2019a seyreden bir teknedeki Meksikal\u0131 turist, epilepsi n\u00f6beti ge\u00e7irdi. Tekne kaptan\u0131, 112 \u00c7a\u011fr\u0131 Merkezi\u2019nden yard\u0131m talebinde bulundu. Tekne kaptan\u0131n b\u00f6lgede deniz \u015fartlar\u0131n\u0131n a\u011f\u0131r olmas\u0131 nedeniyle transferin m\u00fcmk\u00fcn olamayaca\u011f\u0131n\u0131 bildirmesi \u00fczerine Karaada a\u00e7\u0131klar\u0131na yak\u0131n bir&#8230;<\/p>\n","protected":false},"author":1,"featured_media":49283,"comment_status":"open","ping_status":"open","sticky":false,"template":"","format":"standard","meta":{"_crdt_document":"","footnotes":""},"categories":[5],"tags":[],"class_list":["post-49282","post","type-post","status-publish","format-standard","has-post-thumbnail","hentry","category-asayis"],"_links":{"self":[{"href":"https:\/\/www.egemtv.com\/index.php?rest_route=\/wp\/v2\/posts\/49282","targetHints":{"allow":["GET"]}}],"collection":[{"href":"https:\/\/www.egemtv.com\/index.php?rest_route=\/wp\/v2\/posts"}],"about":[{"href":"https:\/\/www.egemtv.com\/index.php?rest_route=\/wp\/v2\/types\/post"}],"author":[{"embeddable":true,"href":"https:\/\/www.egemtv.com\/index.php?rest_route=\/wp\/v2\/users\/1"}],"replies":[{"embeddable":true,"href":"https:\/\/www.egemtv.com\/index.php?rest_route=%2Fwp%2Fv2%2Fcomments&post=49282"}],"version-history":[{"count":1,"href":"https:\/\/www.egemtv.com\/index.php?rest_route=\/wp\/v2\/posts\/49282\/revisions"}],"predecessor-version":[{"id":49284,"href":"https:\/\/www.egemtv.com\/index.php?rest_route=\/wp\/v2\/posts\/49282\/revisions\/49284"}],"wp:featuredmedia":[{"embeddable":true,"href":"https:\/\/www.egemtv.com\/index.php?rest_route=\/wp\/v2\/media\/49283"}],"wp:attachment":[{"href":"https:\/\/www.egemtv.com\/index.php?rest_route=%2Fwp%2Fv2%2Fmedia&parent=49282"}],"wp:term":[{"taxonomy":"category","embeddable":true,"href":"https:\/\/www.egemtv.com\/index.php?rest_route=%2Fwp%2Fv2%2Fcategories&post=49282"},{"taxonomy":"post_tag","embeddable":true,"href":"https:\/\/www.egemtv.com\/index.php?rest_route=%2Fwp%2Fv2%2Ftags&post=49282"}],"curies":[{"name":"wp","href":"https:\/\/api.w.org\/{rel}","templated":true}]}}