{"id":49264,"date":"2025-08-16T15:15:04","date_gmt":"2025-08-16T12:15:04","guid":{"rendered":"https:\/\/www.egemtv.com\/?p=49264"},"modified":"2025-08-16T15:15:05","modified_gmt":"2025-08-16T12:15:05","slug":"kutahyada-geleneksel-muderris-mahallesi-senligi-ilgi-gordu","status":"publish","type":"post","link":"https:\/\/www.egemtv.com\/?p=49264","title":{"rendered":"K\u00fctahya\u2019da \u2019Geleneksel M\u00fcderris Mahallesi \u015eenli\u011fi\u2019 ilgi g\u00f6rd\u00fc"},"content":{"rendered":"<p>K\u00fctahya\u2019da Belediye Ba\u015fkan Yard\u0131mc\u0131lar\u0131 Ha\u015fim Ertekin ve Kemalettin Ekici\u2019nin kat\u0131l\u0131m\u0131yla ger\u00e7ekle\u015fen, M\u00fcderris ve Hamidiye Mahallelerinin ortakla\u015fa d\u00fczenledi\u011fi &#8220;2. Geleneksel M\u00fcderris Mahallesi \u015eenli\u011fi&#8221; vatanda\u015flardan b\u00fcy\u00fck ilgi g\u00f6rd\u00fc.<br \/>\n<br \/>K\u00fctahya Belediyesi K\u00fclt\u00fcr Sanat Akademisi taraf\u0131ndan ger\u00e7ekle\u015ftirilen m\u00fczik dinletileri, \u00e7ocuklar taraf\u0131ndan haz\u0131rlanan halk oyunlar\u0131 g\u00f6sterileri ve mahalle sakinlerinin y\u00f6resel lezzet ikramlar\u0131 ile renklenen program, etkinli\u011fe kat\u0131lan vatanda\u015flara keyifli anlar ya\u015fatt\u0131.<br \/>\n<br \/>Kom\u015fuluk ba\u011flar\u0131n\u0131 g\u00fc\u00e7lendirmek, birlik ve beraberlik duygusunu peki\u015ftirmek ve mahalle k\u00fclt\u00fcr\u00fcn\u00fc ya\u015fatmak amac\u0131yla hayata ge\u00e7irilen \u015fenli\u011fe kat\u0131lan vatanda\u015flar, hem geleneksel de\u011ferleri ya\u015fatman\u0131n hem de birlikte olman\u0131n mutlulu\u011funu payla\u015ft\u0131.<br \/>\n<br \/>Cumhuriyet Halk Partisi Genel Ba\u015fkan Yard\u0131mc\u0131s\u0131 Zeliha Aksaz \u015eahbaz, K\u00fctahya \u0130l Emniyet M\u00fcd\u00fcr\u00fc Osman Elbir, Muhtarlar Derne\u011fi Ba\u015fkan\u0131 \u0130smail Ar\u0131, M\u00fcderris Mahallesi Muhtar\u0131 \u0130smail Y\u0131lmaz, Hamidiye Mahallesi Muhtar\u0131 Mehmet Ali Gayg\u0131s\u0131z, siyasi parti temsilcileri ile \u00e7ok say\u0131da vatanda\u015f\u0131n kat\u0131l\u0131m\u0131yla ger\u00e7ekle\u015ftirilen \u015fenlik, mahalle sakinleri aras\u0131nda dayan\u0131\u015fma ve kayna\u015fman\u0131n en g\u00fczel \u00f6rneklerinden biri oldu.<br \/><\/p>\n","protected":false},"excerpt":{"rendered":"<p>K\u00fctahya\u2019da Belediye Ba\u015fkan Yard\u0131mc\u0131lar\u0131 Ha\u015fim Ertekin ve Kemalettin Ekici\u2019nin kat\u0131l\u0131m\u0131yla ger\u00e7ekle\u015fen, M\u00fcderris ve Hamidiye Mahallelerinin ortakla\u015fa d\u00fczenledi\u011fi &#8220;2. Geleneksel M\u00fcderris Mahallesi \u015eenli\u011fi&#8221; vatanda\u015flardan b\u00fcy\u00fck ilgi g\u00f6rd\u00fc. K\u00fctahya Belediyesi K\u00fclt\u00fcr Sanat Akademisi taraf\u0131ndan ger\u00e7ekle\u015ftirilen m\u00fczik dinletileri, \u00e7ocuklar taraf\u0131ndan haz\u0131rlanan halk oyunlar\u0131 g\u00f6sterileri ve mahalle sakinlerinin y\u00f6resel lezzet ikramlar\u0131 ile renklenen program, etkinli\u011fe kat\u0131lan vatanda\u015flara keyifli anlar&#8230;<\/p>\n","protected":false},"author":1,"featured_media":49265,"comment_status":"open","ping_status":"open","sticky":false,"template":"","format":"standard","meta":{"_crdt_document":"","footnotes":""},"categories":[1],"tags":[],"class_list":["post-49264","post","type-post","status-publish","format-standard","has-post-thumbnail","hentry","category-guncel"],"_links":{"self":[{"href":"https:\/\/www.egemtv.com\/index.php?rest_route=\/wp\/v2\/posts\/49264","targetHints":{"allow":["GET"]}}],"collection":[{"href":"https:\/\/www.egemtv.com\/index.php?rest_route=\/wp\/v2\/posts"}],"about":[{"href":"https:\/\/www.egemtv.com\/index.php?rest_route=\/wp\/v2\/types\/post"}],"author":[{"embeddable":true,"href":"https:\/\/www.egemtv.com\/index.php?rest_route=\/wp\/v2\/users\/1"}],"replies":[{"embeddable":true,"href":"https:\/\/www.egemtv.com\/index.php?rest_route=%2Fwp%2Fv2%2Fcomments&post=49264"}],"version-history":[{"count":1,"href":"https:\/\/www.egemtv.com\/index.php?rest_route=\/wp\/v2\/posts\/49264\/revisions"}],"predecessor-version":[{"id":49266,"href":"https:\/\/www.egemtv.com\/index.php?rest_route=\/wp\/v2\/posts\/49264\/revisions\/49266"}],"wp:featuredmedia":[{"embeddable":true,"href":"https:\/\/www.egemtv.com\/index.php?rest_route=\/wp\/v2\/media\/49265"}],"wp:attachment":[{"href":"https:\/\/www.egemtv.com\/index.php?rest_route=%2Fwp%2Fv2%2Fmedia&parent=49264"}],"wp:term":[{"taxonomy":"category","embeddable":true,"href":"https:\/\/www.egemtv.com\/index.php?rest_route=%2Fwp%2Fv2%2Fcategories&post=49264"},{"taxonomy":"post_tag","embeddable":true,"href":"https:\/\/www.egemtv.com\/index.php?rest_route=%2Fwp%2Fv2%2Ftags&post=49264"}],"curies":[{"name":"wp","href":"https:\/\/api.w.org\/{rel}","templated":true}]}}