{"id":49261,"date":"2025-08-16T13:56:08","date_gmt":"2025-08-16T10:56:08","guid":{"rendered":"https:\/\/www.egemtv.com\/?p=49261"},"modified":"2025-08-16T13:56:09","modified_gmt":"2025-08-16T10:56:09","slug":"sokede-narenciye-bahceleri-kontrol-edildi","status":"publish","type":"post","link":"https:\/\/www.egemtv.com\/?p=49261","title":{"rendered":"S\u00f6ke\u2019de narenciye bah\u00e7eleri kontrol edildi"},"content":{"rendered":"<p>S\u00f6ke \u0130l\u00e7e Tar\u0131m ve Orman M\u00fcd\u00fcrl\u00fc\u011f\u00fc, narenciye bah\u00e7elerinde \u00fcr\u00fcn ve bitki sa\u011fl\u0131\u011f\u0131 kontrolleri ger\u00e7ekle\u015ftirdi.<br \/>\n<br \/>S\u00f6ke \u0130l\u00e7e Tar\u0131m ve Orman M\u00fcd\u00fcrl\u00fc\u011f\u00fc, Entegre ve Kontroll\u00fc \u00dcr\u00fcn Y\u00f6netimi (EK\u00dcY) Projesi kapsam\u0131nda il\u00e7edeki narenciye \u00fcreticileriyle yerinde g\u00f6r\u00fc\u015fmeler yaparak, bah\u00e7e kontrolleri ve \u00fcr\u00fcn ile bitki sa\u011fl\u0131\u011f\u0131na y\u00f6nelik denetimler ger\u00e7ekle\u015ftirdi. Tar\u0131mda s\u00fcrd\u00fcr\u00fclebilirli\u011fi art\u0131rmak ve \u00fcreticilerin verimlili\u011fini y\u00fckseltmek amac\u0131yla ba\u015flat\u0131lan proje \u00e7er\u00e7evesinde yap\u0131lan kontrollerde, bah\u00e7elerdeki bitki sa\u011fl\u0131\u011f\u0131 durumu ve \u00fcr\u00fcnlerin genel durumu titizlikle incelendi. Ayr\u0131ca, tar\u0131msal hastal\u0131k ve zararl\u0131lara kar\u015f\u0131 al\u0131nmas\u0131 gereken \u00f6nlemler konusunda \u00fcreticilere bilgi verildi.<br \/>\n<br \/>S\u00f6ke \u0130l\u00e7e Tar\u0131m ve Orman M\u00fcd\u00fcr\u00fc, projeyle ilgili yapt\u0131\u011f\u0131 a\u00e7\u0131klamada, &#8220;EK\u00dcY projesi kapsam\u0131nda \u00fcreticilerle yerinde g\u00f6r\u00fc\u015f\u00fcl\u00fcp bah\u00e7e kontrolleri ile narenciye bah\u00e7elerinde \u00fcr\u00fcn ve bitki sa\u011fl\u0131\u011f\u0131 kontrolleri yap\u0131ld\u0131&#8221; ifadeleri yer ald\u0131.<br \/><\/p>\n","protected":false},"excerpt":{"rendered":"<p>S\u00f6ke \u0130l\u00e7e Tar\u0131m ve Orman M\u00fcd\u00fcrl\u00fc\u011f\u00fc, narenciye bah\u00e7elerinde \u00fcr\u00fcn ve bitki sa\u011fl\u0131\u011f\u0131 kontrolleri ger\u00e7ekle\u015ftirdi. S\u00f6ke \u0130l\u00e7e Tar\u0131m ve Orman M\u00fcd\u00fcrl\u00fc\u011f\u00fc, Entegre ve Kontroll\u00fc \u00dcr\u00fcn Y\u00f6netimi (EK\u00dcY) Projesi kapsam\u0131nda il\u00e7edeki narenciye \u00fcreticileriyle yerinde g\u00f6r\u00fc\u015fmeler yaparak, bah\u00e7e kontrolleri ve \u00fcr\u00fcn ile bitki sa\u011fl\u0131\u011f\u0131na y\u00f6nelik denetimler ger\u00e7ekle\u015ftirdi. Tar\u0131mda s\u00fcrd\u00fcr\u00fclebilirli\u011fi art\u0131rmak ve \u00fcreticilerin verimlili\u011fini y\u00fckseltmek amac\u0131yla ba\u015flat\u0131lan proje \u00e7er\u00e7evesinde&#8230;<\/p>\n","protected":false},"author":1,"featured_media":49262,"comment_status":"open","ping_status":"open","sticky":false,"template":"","format":"standard","meta":{"_crdt_document":"","footnotes":""},"categories":[1],"tags":[],"class_list":["post-49261","post","type-post","status-publish","format-standard","has-post-thumbnail","hentry","category-guncel"],"_links":{"self":[{"href":"https:\/\/www.egemtv.com\/index.php?rest_route=\/wp\/v2\/posts\/49261","targetHints":{"allow":["GET"]}}],"collection":[{"href":"https:\/\/www.egemtv.com\/index.php?rest_route=\/wp\/v2\/posts"}],"about":[{"href":"https:\/\/www.egemtv.com\/index.php?rest_route=\/wp\/v2\/types\/post"}],"author":[{"embeddable":true,"href":"https:\/\/www.egemtv.com\/index.php?rest_route=\/wp\/v2\/users\/1"}],"replies":[{"embeddable":true,"href":"https:\/\/www.egemtv.com\/index.php?rest_route=%2Fwp%2Fv2%2Fcomments&post=49261"}],"version-history":[{"count":1,"href":"https:\/\/www.egemtv.com\/index.php?rest_route=\/wp\/v2\/posts\/49261\/revisions"}],"predecessor-version":[{"id":49263,"href":"https:\/\/www.egemtv.com\/index.php?rest_route=\/wp\/v2\/posts\/49261\/revisions\/49263"}],"wp:featuredmedia":[{"embeddable":true,"href":"https:\/\/www.egemtv.com\/index.php?rest_route=\/wp\/v2\/media\/49262"}],"wp:attachment":[{"href":"https:\/\/www.egemtv.com\/index.php?rest_route=%2Fwp%2Fv2%2Fmedia&parent=49261"}],"wp:term":[{"taxonomy":"category","embeddable":true,"href":"https:\/\/www.egemtv.com\/index.php?rest_route=%2Fwp%2Fv2%2Fcategories&post=49261"},{"taxonomy":"post_tag","embeddable":true,"href":"https:\/\/www.egemtv.com\/index.php?rest_route=%2Fwp%2Fv2%2Ftags&post=49261"}],"curies":[{"name":"wp","href":"https:\/\/api.w.org\/{rel}","templated":true}]}}