{"id":49258,"date":"2025-08-16T13:56:07","date_gmt":"2025-08-16T10:56:07","guid":{"rendered":"https:\/\/www.egemtv.com\/?p=49258"},"modified":"2025-08-16T13:56:08","modified_gmt":"2025-08-16T10:56:08","slug":"su-sorunu-ciftcileri-alternatif-urune-yoneltti","status":"publish","type":"post","link":"https:\/\/www.egemtv.com\/?p=49258","title":{"rendered":"Su sorunu \u00e7ift\u00e7ileri alternatif \u00fcr\u00fcne y\u00f6neltti"},"content":{"rendered":"<p>Manisa\u2019n\u0131n Sar\u0131g\u00f6l il\u00e7esinde yaz aylar\u0131n\u0131n kurak ge\u00e7mesi ve sulama sorunlar\u0131n\u0131n artmas\u0131 dolay\u0131s\u0131yla \u00fcreticiler fazla su istemeyen b\u00f6r\u00fclce t\u00fcrlerine y\u00f6neldi.<br \/>\n<br \/>D\u00fcnyaca \u00fcnl\u00fc Sultani \u00e7ekirdeksiz \u00fcz\u00fcm\u00fcn\u00fcn yeti\u015ftirildi\u011fi Manisa\u2019n\u0131n Sar\u0131g\u00f6l il\u00e7esi k\u0131\u015fl\u0131k ve yazl\u0131k sebze yeti\u015ftiricili\u011fiyle de \u00f6n plana \u00e7\u0131k\u0131yor. \u0130l\u00e7eye ba\u011fl\u0131 Beyharman\u0131 ve K\u0131z\u0131l\u00e7ukur mahallelerinde yaz aylar\u0131n\u0131n kurak ge\u00e7mesi sonras\u0131 \u00e7ift\u00e7iler fazla su t\u00fcketmeye \u00fcr\u00fcnlere y\u00f6neldi. \u0130l\u00e7ede her ge\u00e7en g\u00fcn \u00fcretimi artan b\u00f6r\u00fclce t\u00fcrleri pazardaki yerini de almaya ba\u015flad\u0131. Haftan\u0131n cumartesi g\u00fcnleri il\u00e7eye gelen t\u00fcccarlar g\u00fcnl\u00fck 1 ile 3 ton aras\u0131 b\u00f6r\u00fclce al\u0131m\u0131 yaparak Ege B\u00f6lgesi\u2019nin di\u011fer illerinde sat\u0131\u015fa haz\u0131r hale getiriyor.<br \/>\n<br \/>\u00c7ift\u00e7ilerin b\u00f6r\u00fclce \u00fcretimine a\u011f\u0131rl\u0131k vermeye ba\u015flad\u0131\u011f\u0131n\u0131 s\u00f6yleyen Beyharman\u0131 Mahalle Muhtar\u0131 Mustafa Sar\u0131ta\u015f, &#8220;G\u00fcnl\u00fck olarak 1-3 ton kadar oluyor. Yayla olan yerlerimizden dolay\u0131 \u00e7ift\u00e7ilerimiz b\u00f6r\u00fclce ekimine a\u011f\u0131rl\u0131k vermeye ba\u015flad\u0131&#8221; dedi.<br \/><\/p>\n","protected":false},"excerpt":{"rendered":"<p>Manisa\u2019n\u0131n Sar\u0131g\u00f6l il\u00e7esinde yaz aylar\u0131n\u0131n kurak ge\u00e7mesi ve sulama sorunlar\u0131n\u0131n artmas\u0131 dolay\u0131s\u0131yla \u00fcreticiler fazla su istemeyen b\u00f6r\u00fclce t\u00fcrlerine y\u00f6neldi. D\u00fcnyaca \u00fcnl\u00fc Sultani \u00e7ekirdeksiz \u00fcz\u00fcm\u00fcn\u00fcn yeti\u015ftirildi\u011fi Manisa\u2019n\u0131n Sar\u0131g\u00f6l il\u00e7esi k\u0131\u015fl\u0131k ve yazl\u0131k sebze yeti\u015ftiricili\u011fiyle de \u00f6n plana \u00e7\u0131k\u0131yor. \u0130l\u00e7eye ba\u011fl\u0131 Beyharman\u0131 ve K\u0131z\u0131l\u00e7ukur mahallelerinde yaz aylar\u0131n\u0131n kurak ge\u00e7mesi sonras\u0131 \u00e7ift\u00e7iler fazla su t\u00fcketmeye \u00fcr\u00fcnlere y\u00f6neldi. \u0130l\u00e7ede&#8230;<\/p>\n","protected":false},"author":1,"featured_media":49259,"comment_status":"open","ping_status":"open","sticky":false,"template":"","format":"standard","meta":{"_crdt_document":"","footnotes":""},"categories":[125],"tags":[],"class_list":["post-49258","post","type-post","status-publish","format-standard","has-post-thumbnail","hentry","category-ekonomi"],"_links":{"self":[{"href":"https:\/\/www.egemtv.com\/index.php?rest_route=\/wp\/v2\/posts\/49258","targetHints":{"allow":["GET"]}}],"collection":[{"href":"https:\/\/www.egemtv.com\/index.php?rest_route=\/wp\/v2\/posts"}],"about":[{"href":"https:\/\/www.egemtv.com\/index.php?rest_route=\/wp\/v2\/types\/post"}],"author":[{"embeddable":true,"href":"https:\/\/www.egemtv.com\/index.php?rest_route=\/wp\/v2\/users\/1"}],"replies":[{"embeddable":true,"href":"https:\/\/www.egemtv.com\/index.php?rest_route=%2Fwp%2Fv2%2Fcomments&post=49258"}],"version-history":[{"count":1,"href":"https:\/\/www.egemtv.com\/index.php?rest_route=\/wp\/v2\/posts\/49258\/revisions"}],"predecessor-version":[{"id":49260,"href":"https:\/\/www.egemtv.com\/index.php?rest_route=\/wp\/v2\/posts\/49258\/revisions\/49260"}],"wp:featuredmedia":[{"embeddable":true,"href":"https:\/\/www.egemtv.com\/index.php?rest_route=\/wp\/v2\/media\/49259"}],"wp:attachment":[{"href":"https:\/\/www.egemtv.com\/index.php?rest_route=%2Fwp%2Fv2%2Fmedia&parent=49258"}],"wp:term":[{"taxonomy":"category","embeddable":true,"href":"https:\/\/www.egemtv.com\/index.php?rest_route=%2Fwp%2Fv2%2Fcategories&post=49258"},{"taxonomy":"post_tag","embeddable":true,"href":"https:\/\/www.egemtv.com\/index.php?rest_route=%2Fwp%2Fv2%2Ftags&post=49258"}],"curies":[{"name":"wp","href":"https:\/\/api.w.org\/{rel}","templated":true}]}}