{"id":49255,"date":"2025-08-16T13:56:06","date_gmt":"2025-08-16T10:56:06","guid":{"rendered":"https:\/\/www.egemtv.com\/?p=49255"},"modified":"2025-08-16T13:56:07","modified_gmt":"2025-08-16T10:56:07","slug":"hurdalik-yangini-buyudu-evler-kule-dondu","status":"publish","type":"post","link":"https:\/\/www.egemtv.com\/?p=49255","title":{"rendered":"Hurdal\u0131k yang\u0131n\u0131 b\u00fcy\u00fcd\u00fc, evler k\u00fcle d\u00f6nd\u00fc"},"content":{"rendered":"<p>\u0130zmir\u2019in Konak il\u00e7esinde bir hurdal\u0131kta \u00e7\u0131kan yang\u0131n, biti\u015fikteki evlere s\u0131\u00e7rad\u0131. Evler k\u00fcle d\u00f6nerken mahalle sakinleri b\u00fcy\u00fck korku ya\u015fad\u0131.<br \/>\n<br \/>Yang\u0131n, saat 11.00 s\u0131ralar\u0131nda 1. Kadriye Mahallesi 628 Sokak\u2019ta bulunan hurdal\u0131kta hen\u00fcz bilinmeyen bir nedenle ba\u015flad\u0131. Alevleri ve yo\u011fun dumanlar\u0131 fark eden vatanda\u015flar durumu itfaiye ekiplerine bildirdi. Olay yerine sevk edilen \u0130zmir B\u00fcy\u00fck\u015fehir Belediyesi \u0130tfaiye Daire Ba\u015fkanl\u0131\u011f\u0131 ekipleri yang\u0131na m\u00fcdahale ederken, mahalle sakinleri b\u00fcy\u00fck korku ya\u015fad\u0131. Yang\u0131n, r\u00fczg\u00e2r\u0131n da etkisiyle \u00e7evredeki evlere yay\u0131ld\u0131.<br \/>\n<br \/>Vatanda\u015flar korku dolu anlar ya\u015fad\u0131<br \/>\n<br \/>Mahalle sakinlerinden P\u0131nar Akdeniz, &#8220;\u00c7ok b\u00fcy\u00fck bir yang\u0131n. Burada tan\u0131d\u0131klar\u0131m\u0131z\u0131n evleri vard\u0131. Hepsi \u015fu an b\u00fcy\u00fck korku ya\u015f\u0131yor. Hepimiz \u00e7ok korktuk, alevler \u00e7ok b\u00fcy\u00fckt\u00fc, h\u00e2l\u00e2 s\u00f6nd\u00fcr\u00fclemedi&#8221; dedi. G\u00f6ksel Y\u00fccel ise, &#8220;Hurdal\u0131kta \u00e7\u0131kan yang\u0131n daha sonra evlere s\u0131\u00e7rad\u0131. \u0130tfaiye hortumundan \u00e7\u0131kan su yetmiyor. Sa\u011f olsun itfaiye, polis ve sa\u011fl\u0131k ekipleri zaman\u0131nda geldi ancak herkes korku dolu anlar ya\u015f\u0131yor&#8221; ifadelerini kulland\u0131.<br \/>\n<br \/>\u0130tfaiye ekipleri yang\u0131n\u0131 kontrol alt\u0131na almak i\u00e7in \u00e7al\u0131\u015fmalar\u0131n\u0131 s\u00fcrd\u00fcr\u00fcyor. Polis ekipleri \u00e7evrede g\u00fcvenlik \u00f6nlemleri al\u0131rken, sa\u011fl\u0131k ekipleri de olas\u0131 m\u00fcdahaleler i\u00e7in haz\u0131r bekletiliyor.<br \/><\/p>\n","protected":false},"excerpt":{"rendered":"<p>\u0130zmir\u2019in Konak il\u00e7esinde bir hurdal\u0131kta \u00e7\u0131kan yang\u0131n, biti\u015fikteki evlere s\u0131\u00e7rad\u0131. Evler k\u00fcle d\u00f6nerken mahalle sakinleri b\u00fcy\u00fck korku ya\u015fad\u0131. Yang\u0131n, saat 11.00 s\u0131ralar\u0131nda 1. Kadriye Mahallesi 628 Sokak\u2019ta bulunan hurdal\u0131kta hen\u00fcz bilinmeyen bir nedenle ba\u015flad\u0131. Alevleri ve yo\u011fun dumanlar\u0131 fark eden vatanda\u015flar durumu itfaiye ekiplerine bildirdi. Olay yerine sevk edilen \u0130zmir B\u00fcy\u00fck\u015fehir Belediyesi \u0130tfaiye Daire Ba\u015fkanl\u0131\u011f\u0131&#8230;<\/p>\n","protected":false},"author":1,"featured_media":49256,"comment_status":"open","ping_status":"open","sticky":false,"template":"","format":"standard","meta":{"_crdt_document":"","footnotes":""},"categories":[5],"tags":[],"class_list":["post-49255","post","type-post","status-publish","format-standard","has-post-thumbnail","hentry","category-asayis"],"_links":{"self":[{"href":"https:\/\/www.egemtv.com\/index.php?rest_route=\/wp\/v2\/posts\/49255","targetHints":{"allow":["GET"]}}],"collection":[{"href":"https:\/\/www.egemtv.com\/index.php?rest_route=\/wp\/v2\/posts"}],"about":[{"href":"https:\/\/www.egemtv.com\/index.php?rest_route=\/wp\/v2\/types\/post"}],"author":[{"embeddable":true,"href":"https:\/\/www.egemtv.com\/index.php?rest_route=\/wp\/v2\/users\/1"}],"replies":[{"embeddable":true,"href":"https:\/\/www.egemtv.com\/index.php?rest_route=%2Fwp%2Fv2%2Fcomments&post=49255"}],"version-history":[{"count":1,"href":"https:\/\/www.egemtv.com\/index.php?rest_route=\/wp\/v2\/posts\/49255\/revisions"}],"predecessor-version":[{"id":49257,"href":"https:\/\/www.egemtv.com\/index.php?rest_route=\/wp\/v2\/posts\/49255\/revisions\/49257"}],"wp:featuredmedia":[{"embeddable":true,"href":"https:\/\/www.egemtv.com\/index.php?rest_route=\/wp\/v2\/media\/49256"}],"wp:attachment":[{"href":"https:\/\/www.egemtv.com\/index.php?rest_route=%2Fwp%2Fv2%2Fmedia&parent=49255"}],"wp:term":[{"taxonomy":"category","embeddable":true,"href":"https:\/\/www.egemtv.com\/index.php?rest_route=%2Fwp%2Fv2%2Fcategories&post=49255"},{"taxonomy":"post_tag","embeddable":true,"href":"https:\/\/www.egemtv.com\/index.php?rest_route=%2Fwp%2Fv2%2Ftags&post=49255"}],"curies":[{"name":"wp","href":"https:\/\/api.w.org\/{rel}","templated":true}]}}