{"id":49104,"date":"2025-08-15T20:15:43","date_gmt":"2025-08-15T17:15:43","guid":{"rendered":"https:\/\/www.egemtv.com\/?p=49104"},"modified":"2025-08-15T20:15:44","modified_gmt":"2025-08-15T17:15:44","slug":"aydina-donen-baskan-cercioglu-ilk-toplantisini-gerceklestirdi","status":"publish","type":"post","link":"https:\/\/www.egemtv.com\/?p=49104","title":{"rendered":"Ayd\u0131n\u2019a d\u00f6nen Ba\u015fkan \u00c7er\u00e7io\u011flu, ilk toplant\u0131s\u0131n\u0131 ger\u00e7ekle\u015ftirdi"},"content":{"rendered":"<p>CHP\u2019den istifa ederek AK Parti\u2019ye ge\u00e7en Ayd\u0131n B\u00fcy\u00fck\u015fehir Belediye Ba\u015fkan\u0131 \u00d6zlem \u00c7er\u00e7io\u011flu, ASK\u0130 b\u00fcrokratlar\u0131 ile ger\u00e7ekle\u015ftirdi\u011fi toplant\u0131da \u2019hizmet\u2019 vurgusu yapt\u0131.<br \/>\n<br \/>AK Parti\u2019nin 24. kurulu\u015f y\u0131l d\u00f6n\u00fcm\u00fc dolay\u0131s\u0131yla Ankara\u2019da olan ve Cumhuriyet Halk Partisi\u2019nden (CHP) istifa ederek Adalet ve Kalk\u0131nma Partisi\u2019ne (AK Parti) ge\u00e7en Ayd\u0131n B\u00fcy\u00fck\u015fehir Belediye Ba\u015fkan\u0131 \u00d6zlem \u00c7er\u00e7io\u011flu, Ayd\u0131n\u2019a d\u00f6nd\u00fc. Ba\u015fkan \u00c7er\u00e7io\u011flu, Ayd\u0131n\u2019a d\u00f6ner d\u00f6nmez ilk toplant\u0131s\u0131n\u0131 Ayd\u0131n Su ve Kanalizasyon \u0130daresi (ASK\u0130) Genel M\u00fcd\u00fcrl\u00fc\u011f\u00fc b\u00fcrokratlar\u0131 ile ger\u00e7ekle\u015ftirdi. Ayd\u0131n genelinde yap\u0131lan \u00e7al\u0131\u015fmalar ve yeni yap\u0131lacak olan yat\u0131r\u0131mlar \u00fczerine yap\u0131lan toplant\u0131da Ba\u015fkan \u00c7er\u00e7io\u011flu, \u2019yat\u0131r\u0131m ve hizmet\u2019 vurgusu yaparak, \u00e7al\u0131\u015fmalar\u0131n katlanarak devam edece\u011fini s\u00f6yledi.<br \/>\n<br \/>Ayd\u0131n\u2019a daha fazla hizmet etmeye devam edeceklerini ifade eden Ba\u015fkan \u00c7er\u00e7io\u011flu, yapt\u0131\u011f\u0131 a\u00e7\u0131klamas\u0131nda &#8220;Ayd\u0131n B\u00fcy\u00fck\u015fehir Belediyesi ve ASK\u0130 Genel M\u00fcd\u00fcrl\u00fc\u011f\u00fc\u2019ne ba\u011fl\u0131 b\u00fcrokratlar\u0131m\u0131z ile kentimize yapaca\u011f\u0131m\u0131z yeni yat\u0131r\u0131mlar\u0131 de\u011ferlendirdik. Ayd\u0131n\u2019\u0131m\u0131za daha fazla hizmet etmeye, yeni projeler \u00fcretmeye devam edece\u011fiz&#8221; ifadelerini kulland\u0131.<br \/><\/p>\n","protected":false},"excerpt":{"rendered":"<p>CHP\u2019den istifa ederek AK Parti\u2019ye ge\u00e7en Ayd\u0131n B\u00fcy\u00fck\u015fehir Belediye Ba\u015fkan\u0131 \u00d6zlem \u00c7er\u00e7io\u011flu, ASK\u0130 b\u00fcrokratlar\u0131 ile ger\u00e7ekle\u015ftirdi\u011fi toplant\u0131da \u2019hizmet\u2019 vurgusu yapt\u0131. AK Parti\u2019nin 24. kurulu\u015f y\u0131l d\u00f6n\u00fcm\u00fc dolay\u0131s\u0131yla Ankara\u2019da olan ve Cumhuriyet Halk Partisi\u2019nden (CHP) istifa ederek Adalet ve Kalk\u0131nma Partisi\u2019ne (AK Parti) ge\u00e7en Ayd\u0131n B\u00fcy\u00fck\u015fehir Belediye Ba\u015fkan\u0131 \u00d6zlem \u00c7er\u00e7io\u011flu, Ayd\u0131n\u2019a d\u00f6nd\u00fc. Ba\u015fkan \u00c7er\u00e7io\u011flu, Ayd\u0131n\u2019a d\u00f6ner&#8230;<\/p>\n","protected":false},"author":1,"featured_media":49105,"comment_status":"open","ping_status":"open","sticky":false,"template":"","format":"standard","meta":{"_crdt_document":"","footnotes":""},"categories":[127],"tags":[],"class_list":["post-49104","post","type-post","status-publish","format-standard","has-post-thumbnail","hentry","category-siyaset"],"_links":{"self":[{"href":"https:\/\/www.egemtv.com\/index.php?rest_route=\/wp\/v2\/posts\/49104","targetHints":{"allow":["GET"]}}],"collection":[{"href":"https:\/\/www.egemtv.com\/index.php?rest_route=\/wp\/v2\/posts"}],"about":[{"href":"https:\/\/www.egemtv.com\/index.php?rest_route=\/wp\/v2\/types\/post"}],"author":[{"embeddable":true,"href":"https:\/\/www.egemtv.com\/index.php?rest_route=\/wp\/v2\/users\/1"}],"replies":[{"embeddable":true,"href":"https:\/\/www.egemtv.com\/index.php?rest_route=%2Fwp%2Fv2%2Fcomments&post=49104"}],"version-history":[{"count":1,"href":"https:\/\/www.egemtv.com\/index.php?rest_route=\/wp\/v2\/posts\/49104\/revisions"}],"predecessor-version":[{"id":49106,"href":"https:\/\/www.egemtv.com\/index.php?rest_route=\/wp\/v2\/posts\/49104\/revisions\/49106"}],"wp:featuredmedia":[{"embeddable":true,"href":"https:\/\/www.egemtv.com\/index.php?rest_route=\/wp\/v2\/media\/49105"}],"wp:attachment":[{"href":"https:\/\/www.egemtv.com\/index.php?rest_route=%2Fwp%2Fv2%2Fmedia&parent=49104"}],"wp:term":[{"taxonomy":"category","embeddable":true,"href":"https:\/\/www.egemtv.com\/index.php?rest_route=%2Fwp%2Fv2%2Fcategories&post=49104"},{"taxonomy":"post_tag","embeddable":true,"href":"https:\/\/www.egemtv.com\/index.php?rest_route=%2Fwp%2Fv2%2Ftags&post=49104"}],"curies":[{"name":"wp","href":"https:\/\/api.w.org\/{rel}","templated":true}]}}