{"id":49098,"date":"2025-08-15T19:56:24","date_gmt":"2025-08-15T16:56:24","guid":{"rendered":"https:\/\/www.egemtv.com\/?p=49098"},"modified":"2025-08-15T19:56:25","modified_gmt":"2025-08-15T16:56:25","slug":"kutahya-valisi-isin-simavda-hayir-yemegine-katildi","status":"publish","type":"post","link":"https:\/\/www.egemtv.com\/?p=49098","title":{"rendered":"K\u00fctahya Valisi I\u015f\u0131n, Simav\u2019da hay\u0131r yeme\u011fine kat\u0131ld\u0131"},"content":{"rendered":"<p>K\u00fctahya Valisi Musa I\u015f\u0131n, \u0130l Genel Meclis \u00dcyesi Ahmet \u015eim\u015fek\u2019in bu y\u0131l vefat eden annesi Dudu \u015eim\u015fek ad\u0131na d\u00fczenlenen hay\u0131r yeme\u011fine kat\u0131ld\u0131.<br \/>\n<br \/>Programa AK Parti K\u00fctahya Milletvekilleri Adil Bi\u00e7er ve Mehmet Demir, Simav Kaymakam\u0131 B\u00fcnyamin Karalo\u011flu, Simav Belediye Ba\u015fkan\u0131 K\u00fcbra Tekel Aktulun, il protokol \u00fcyeleri ve vatanda\u015flar kat\u0131ld\u0131. Hay\u0131r yeme\u011fi sonras\u0131 bir a\u00e7\u0131klama yapan Vali Musa I\u015f\u0131n, &#8220;Merhume Dudu \u015eim\u015fek\u2019e Allah\u2019tan rahmet, k\u0131ymetli ailesine ve yak\u0131nlar\u0131na sab\u0131r ve ba\u015fsa\u011fl\u0131\u011f\u0131 diliyorum&#8221; ifadelerini kulland\u0131.<br \/><\/p>\n","protected":false},"excerpt":{"rendered":"<p>K\u00fctahya Valisi Musa I\u015f\u0131n, \u0130l Genel Meclis \u00dcyesi Ahmet \u015eim\u015fek\u2019in bu y\u0131l vefat eden annesi Dudu \u015eim\u015fek ad\u0131na d\u00fczenlenen hay\u0131r yeme\u011fine kat\u0131ld\u0131. Programa AK Parti K\u00fctahya Milletvekilleri Adil Bi\u00e7er ve Mehmet Demir, Simav Kaymakam\u0131 B\u00fcnyamin Karalo\u011flu, Simav Belediye Ba\u015fkan\u0131 K\u00fcbra Tekel Aktulun, il protokol \u00fcyeleri ve vatanda\u015flar kat\u0131ld\u0131. Hay\u0131r yeme\u011fi sonras\u0131 bir a\u00e7\u0131klama yapan Vali&#8230;<\/p>\n","protected":false},"author":1,"featured_media":49099,"comment_status":"open","ping_status":"open","sticky":false,"template":"","format":"standard","meta":{"_crdt_document":"","footnotes":""},"categories":[1],"tags":[],"class_list":["post-49098","post","type-post","status-publish","format-standard","has-post-thumbnail","hentry","category-guncel"],"_links":{"self":[{"href":"https:\/\/www.egemtv.com\/index.php?rest_route=\/wp\/v2\/posts\/49098","targetHints":{"allow":["GET"]}}],"collection":[{"href":"https:\/\/www.egemtv.com\/index.php?rest_route=\/wp\/v2\/posts"}],"about":[{"href":"https:\/\/www.egemtv.com\/index.php?rest_route=\/wp\/v2\/types\/post"}],"author":[{"embeddable":true,"href":"https:\/\/www.egemtv.com\/index.php?rest_route=\/wp\/v2\/users\/1"}],"replies":[{"embeddable":true,"href":"https:\/\/www.egemtv.com\/index.php?rest_route=%2Fwp%2Fv2%2Fcomments&post=49098"}],"version-history":[{"count":1,"href":"https:\/\/www.egemtv.com\/index.php?rest_route=\/wp\/v2\/posts\/49098\/revisions"}],"predecessor-version":[{"id":49100,"href":"https:\/\/www.egemtv.com\/index.php?rest_route=\/wp\/v2\/posts\/49098\/revisions\/49100"}],"wp:featuredmedia":[{"embeddable":true,"href":"https:\/\/www.egemtv.com\/index.php?rest_route=\/wp\/v2\/media\/49099"}],"wp:attachment":[{"href":"https:\/\/www.egemtv.com\/index.php?rest_route=%2Fwp%2Fv2%2Fmedia&parent=49098"}],"wp:term":[{"taxonomy":"category","embeddable":true,"href":"https:\/\/www.egemtv.com\/index.php?rest_route=%2Fwp%2Fv2%2Fcategories&post=49098"},{"taxonomy":"post_tag","embeddable":true,"href":"https:\/\/www.egemtv.com\/index.php?rest_route=%2Fwp%2Fv2%2Ftags&post=49098"}],"curies":[{"name":"wp","href":"https:\/\/api.w.org\/{rel}","templated":true}]}}