{"id":49095,"date":"2025-08-15T19:56:23","date_gmt":"2025-08-15T16:56:23","guid":{"rendered":"https:\/\/www.egemtv.com\/?p=49095"},"modified":"2025-08-15T19:56:24","modified_gmt":"2025-08-15T16:56:24","slug":"datcada-yasli-adam-evinde-olu-bulundu","status":"publish","type":"post","link":"https:\/\/www.egemtv.com\/?p=49095","title":{"rendered":"Dat\u00e7a\u2019da ya\u015fl\u0131 adam evinde \u00f6l\u00fc bulundu"},"content":{"rendered":"<p>Mu\u011fla\u2019n\u0131n Dat\u00e7a il\u00e7esinde ya\u015fl\u0131 adam, yaln\u0131z ya\u015fad\u0131\u011f\u0131 evinde \u00f6l\u00fc bulundu.<br \/>\n<br \/>Edinilen bilgiye g\u00f6re, Dat\u00e7a\u2019da uzun y\u0131llar marangozluk yapan ve bir s\u00fcredir sa\u011fl\u0131k sorunlar\u0131 nedeniyle \u00e7al\u0131\u015fmayan Hasan Efe\u2019den (70) haber alamayan yak\u0131n arkada\u015flar\u0131, \u015fahs\u0131n ya\u015fad\u0131\u011f\u0131 eve gitti. Kap\u0131n\u0131n a\u00e7\u0131lmamas\u0131 \u00fczerine arkada\u015flar\u0131, durumu 112 Acil \u00c7a\u011fr\u0131 Merkezi\u2019ne bildirdi. \u0130hbar \u00fczerine adrese sa\u011fl\u0131k ve polis ekipleri sevk edildi. K\u0131sa s\u00fcrede olay yerine gelen ekipler, \u00e7ilingir marifeti ile eve girdi. Sa\u011fl\u0131k ekipleri, evde hareketsiz halde bulunan Efe\u2019nin hayat\u0131n\u0131 kaybetti\u011fini belirledi. Efe\u2019nin cenazesinin 16 A\u011fustos Cumartesi g\u00fcn\u00fc Fatih Camii\u2019nde k\u0131l\u0131nacak ikindi namaz\u0131n\u0131n ard\u0131ndan \u0130skele Mezarl\u0131\u011f\u0131\u2019na defnedilece\u011fi \u00f6\u011frenildi.<br \/><\/p>\n","protected":false},"excerpt":{"rendered":"<p>Mu\u011fla\u2019n\u0131n Dat\u00e7a il\u00e7esinde ya\u015fl\u0131 adam, yaln\u0131z ya\u015fad\u0131\u011f\u0131 evinde \u00f6l\u00fc bulundu. Edinilen bilgiye g\u00f6re, Dat\u00e7a\u2019da uzun y\u0131llar marangozluk yapan ve bir s\u00fcredir sa\u011fl\u0131k sorunlar\u0131 nedeniyle \u00e7al\u0131\u015fmayan Hasan Efe\u2019den (70) haber alamayan yak\u0131n arkada\u015flar\u0131, \u015fahs\u0131n ya\u015fad\u0131\u011f\u0131 eve gitti. Kap\u0131n\u0131n a\u00e7\u0131lmamas\u0131 \u00fczerine arkada\u015flar\u0131, durumu 112 Acil \u00c7a\u011fr\u0131 Merkezi\u2019ne bildirdi. \u0130hbar \u00fczerine adrese sa\u011fl\u0131k ve polis ekipleri sevk edildi&#8230;.<\/p>\n","protected":false},"author":1,"featured_media":49096,"comment_status":"open","ping_status":"open","sticky":false,"template":"","format":"standard","meta":{"_crdt_document":"","footnotes":""},"categories":[5],"tags":[],"class_list":["post-49095","post","type-post","status-publish","format-standard","has-post-thumbnail","hentry","category-asayis"],"_links":{"self":[{"href":"https:\/\/www.egemtv.com\/index.php?rest_route=\/wp\/v2\/posts\/49095","targetHints":{"allow":["GET"]}}],"collection":[{"href":"https:\/\/www.egemtv.com\/index.php?rest_route=\/wp\/v2\/posts"}],"about":[{"href":"https:\/\/www.egemtv.com\/index.php?rest_route=\/wp\/v2\/types\/post"}],"author":[{"embeddable":true,"href":"https:\/\/www.egemtv.com\/index.php?rest_route=\/wp\/v2\/users\/1"}],"replies":[{"embeddable":true,"href":"https:\/\/www.egemtv.com\/index.php?rest_route=%2Fwp%2Fv2%2Fcomments&post=49095"}],"version-history":[{"count":1,"href":"https:\/\/www.egemtv.com\/index.php?rest_route=\/wp\/v2\/posts\/49095\/revisions"}],"predecessor-version":[{"id":49097,"href":"https:\/\/www.egemtv.com\/index.php?rest_route=\/wp\/v2\/posts\/49095\/revisions\/49097"}],"wp:featuredmedia":[{"embeddable":true,"href":"https:\/\/www.egemtv.com\/index.php?rest_route=\/wp\/v2\/media\/49096"}],"wp:attachment":[{"href":"https:\/\/www.egemtv.com\/index.php?rest_route=%2Fwp%2Fv2%2Fmedia&parent=49095"}],"wp:term":[{"taxonomy":"category","embeddable":true,"href":"https:\/\/www.egemtv.com\/index.php?rest_route=%2Fwp%2Fv2%2Fcategories&post=49095"},{"taxonomy":"post_tag","embeddable":true,"href":"https:\/\/www.egemtv.com\/index.php?rest_route=%2Fwp%2Fv2%2Ftags&post=49095"}],"curies":[{"name":"wp","href":"https:\/\/api.w.org\/{rel}","templated":true}]}}