{"id":49092,"date":"2025-08-15T18:36:10","date_gmt":"2025-08-15T15:36:10","guid":{"rendered":"https:\/\/www.egemtv.com\/?p=49092"},"modified":"2025-08-15T18:36:11","modified_gmt":"2025-08-15T15:36:11","slug":"kutahyada-300-keklik-dogaya-salindi","status":"publish","type":"post","link":"https:\/\/www.egemtv.com\/?p=49092","title":{"rendered":"K\u00fctahya\u2019da 300 keklik do\u011faya sal\u0131nd\u0131"},"content":{"rendered":"<p>Do\u011fa Koruma ve Milli Parklar Genel M\u00fcd\u00fcrl\u00fc\u011f\u00fc taraf\u0131ndan d\u00fczenlenen programda K\u00fctahya\u2019n\u0131n Simav il\u00e7esinde 300 keklik do\u011faya sal\u0131nd\u0131.<br \/>\n<br \/>Keklik sal\u0131m program\u0131na K\u00fctahya Valisi Musa I\u015f\u0131n, AK Parti K\u00fctahya Milletvekilleri Adil Bi\u00e7er ve Mehmet Demir, Simav Kaymakam\u0131 B\u00fcnyamin Karalo\u011flu ve il protokol \u00fcyeleri kat\u0131ld\u0131.<br \/>\n<br \/>Etkinlik \u00e7er\u00e7evesinde, do\u011fan\u0131n ekolojik dengesine katk\u0131 sa\u011flamak ve yaban hayat\u0131n\u0131 desteklemek amac\u0131yla toplam 300 keklik do\u011faya sal\u0131nd\u0131.<br \/>\n<br \/>Vali Musa I\u015f\u0131n, program\u0131n ard\u0131ndan yapt\u0131\u011f\u0131 de\u011ferlendirmede, yaban hayat\u0131n\u0131n korunmas\u0131 ve gelecek nesillere aktar\u0131lmas\u0131 i\u00e7in bu t\u00fcr \u00e7al\u0131\u015fmalar\u0131n b\u00fcy\u00fck \u00f6nem ta\u015f\u0131d\u0131\u011f\u0131n\u0131 belirterek eme\u011fi ge\u00e7enlere te\u015fekk\u00fcr etti.<br \/><\/p>\n","protected":false},"excerpt":{"rendered":"<p>Do\u011fa Koruma ve Milli Parklar Genel M\u00fcd\u00fcrl\u00fc\u011f\u00fc taraf\u0131ndan d\u00fczenlenen programda K\u00fctahya\u2019n\u0131n Simav il\u00e7esinde 300 keklik do\u011faya sal\u0131nd\u0131. Keklik sal\u0131m program\u0131na K\u00fctahya Valisi Musa I\u015f\u0131n, AK Parti K\u00fctahya Milletvekilleri Adil Bi\u00e7er ve Mehmet Demir, Simav Kaymakam\u0131 B\u00fcnyamin Karalo\u011flu ve il protokol \u00fcyeleri kat\u0131ld\u0131. Etkinlik \u00e7er\u00e7evesinde, do\u011fan\u0131n ekolojik dengesine katk\u0131 sa\u011flamak ve yaban hayat\u0131n\u0131 desteklemek amac\u0131yla toplam&#8230;<\/p>\n","protected":false},"author":1,"featured_media":49093,"comment_status":"open","ping_status":"open","sticky":false,"template":"","format":"standard","meta":{"_crdt_document":"","footnotes":""},"categories":[1],"tags":[],"class_list":["post-49092","post","type-post","status-publish","format-standard","has-post-thumbnail","hentry","category-guncel"],"_links":{"self":[{"href":"https:\/\/www.egemtv.com\/index.php?rest_route=\/wp\/v2\/posts\/49092","targetHints":{"allow":["GET"]}}],"collection":[{"href":"https:\/\/www.egemtv.com\/index.php?rest_route=\/wp\/v2\/posts"}],"about":[{"href":"https:\/\/www.egemtv.com\/index.php?rest_route=\/wp\/v2\/types\/post"}],"author":[{"embeddable":true,"href":"https:\/\/www.egemtv.com\/index.php?rest_route=\/wp\/v2\/users\/1"}],"replies":[{"embeddable":true,"href":"https:\/\/www.egemtv.com\/index.php?rest_route=%2Fwp%2Fv2%2Fcomments&post=49092"}],"version-history":[{"count":1,"href":"https:\/\/www.egemtv.com\/index.php?rest_route=\/wp\/v2\/posts\/49092\/revisions"}],"predecessor-version":[{"id":49094,"href":"https:\/\/www.egemtv.com\/index.php?rest_route=\/wp\/v2\/posts\/49092\/revisions\/49094"}],"wp:featuredmedia":[{"embeddable":true,"href":"https:\/\/www.egemtv.com\/index.php?rest_route=\/wp\/v2\/media\/49093"}],"wp:attachment":[{"href":"https:\/\/www.egemtv.com\/index.php?rest_route=%2Fwp%2Fv2%2Fmedia&parent=49092"}],"wp:term":[{"taxonomy":"category","embeddable":true,"href":"https:\/\/www.egemtv.com\/index.php?rest_route=%2Fwp%2Fv2%2Fcategories&post=49092"},{"taxonomy":"post_tag","embeddable":true,"href":"https:\/\/www.egemtv.com\/index.php?rest_route=%2Fwp%2Fv2%2Ftags&post=49092"}],"curies":[{"name":"wp","href":"https:\/\/api.w.org\/{rel}","templated":true}]}}