{"id":49089,"date":"2025-08-15T18:16:05","date_gmt":"2025-08-15T15:16:05","guid":{"rendered":"https:\/\/www.egemtv.com\/?p=49089"},"modified":"2025-08-15T18:16:05","modified_gmt":"2025-08-15T15:16:05","slug":"bodrumda-milyon-dolarlik-motoryatta-yangin","status":"publish","type":"post","link":"https:\/\/www.egemtv.com\/?p=49089","title":{"rendered":"Bodrum\u2019da milyon dolarl\u0131k motoryatta yang\u0131n"},"content":{"rendered":"<p>Mu\u011fla\u2019n\u0131n Bodrum il\u00e7esi Yal\u0131kavak koyunda demirli milyon dolarl\u0131k motoryatta \u00e7\u0131kan yang\u0131n, ekiplerin zaman\u0131nda m\u00fcdahalesiyle b\u00fcy\u00fcmeden s\u00f6nd\u00fcr\u00fcld\u00fc.<br \/>\n<br \/>Edinilen bilgiye g\u00f6re, saat 12.30 s\u0131ralar\u0131nda 27 metre uzunlu\u011fundaki l\u00fcks motoryatta elektrik tesisat\u0131ndaki ar\u0131za nedeniyle yang\u0131n \u00e7\u0131kt\u0131. K\u0131sa s\u00fcrede alevler teknenin bir b\u00f6l\u00fcm\u00fcn\u00fc sard\u0131. \u0130hbar \u00fczerine b\u00f6lgeye sevk edilen Sahil G\u00fcvenlik Komutanl\u0131\u011f\u0131 ve Bodrum B\u00f6lge Liman Ba\u015fkanl\u0131\u011f\u0131 ekipleri, yang\u0131na denizden m\u00fcdahale ederek alevleri kontrol alt\u0131na ald\u0131. K\u0131sa s\u00fcrede s\u00f6nd\u00fcr\u00fclen yang\u0131nda yaralanan olmazken, teknede hasar meydana geldi. Olay\u0131n ard\u0131ndan motoryat marinaya \u00e7ekildi.<br \/><\/p>\n","protected":false},"excerpt":{"rendered":"<p>Mu\u011fla\u2019n\u0131n Bodrum il\u00e7esi Yal\u0131kavak koyunda demirli milyon dolarl\u0131k motoryatta \u00e7\u0131kan yang\u0131n, ekiplerin zaman\u0131nda m\u00fcdahalesiyle b\u00fcy\u00fcmeden s\u00f6nd\u00fcr\u00fcld\u00fc. Edinilen bilgiye g\u00f6re, saat 12.30 s\u0131ralar\u0131nda 27 metre uzunlu\u011fundaki l\u00fcks motoryatta elektrik tesisat\u0131ndaki ar\u0131za nedeniyle yang\u0131n \u00e7\u0131kt\u0131. K\u0131sa s\u00fcrede alevler teknenin bir b\u00f6l\u00fcm\u00fcn\u00fc sard\u0131. \u0130hbar \u00fczerine b\u00f6lgeye sevk edilen Sahil G\u00fcvenlik Komutanl\u0131\u011f\u0131 ve Bodrum B\u00f6lge Liman Ba\u015fkanl\u0131\u011f\u0131 ekipleri, yang\u0131na&#8230;<\/p>\n","protected":false},"author":1,"featured_media":49090,"comment_status":"open","ping_status":"open","sticky":false,"template":"","format":"standard","meta":{"_crdt_document":"","footnotes":""},"categories":[5],"tags":[],"class_list":["post-49089","post","type-post","status-publish","format-standard","has-post-thumbnail","hentry","category-asayis"],"_links":{"self":[{"href":"https:\/\/www.egemtv.com\/index.php?rest_route=\/wp\/v2\/posts\/49089","targetHints":{"allow":["GET"]}}],"collection":[{"href":"https:\/\/www.egemtv.com\/index.php?rest_route=\/wp\/v2\/posts"}],"about":[{"href":"https:\/\/www.egemtv.com\/index.php?rest_route=\/wp\/v2\/types\/post"}],"author":[{"embeddable":true,"href":"https:\/\/www.egemtv.com\/index.php?rest_route=\/wp\/v2\/users\/1"}],"replies":[{"embeddable":true,"href":"https:\/\/www.egemtv.com\/index.php?rest_route=%2Fwp%2Fv2%2Fcomments&post=49089"}],"version-history":[{"count":1,"href":"https:\/\/www.egemtv.com\/index.php?rest_route=\/wp\/v2\/posts\/49089\/revisions"}],"predecessor-version":[{"id":49091,"href":"https:\/\/www.egemtv.com\/index.php?rest_route=\/wp\/v2\/posts\/49089\/revisions\/49091"}],"wp:featuredmedia":[{"embeddable":true,"href":"https:\/\/www.egemtv.com\/index.php?rest_route=\/wp\/v2\/media\/49090"}],"wp:attachment":[{"href":"https:\/\/www.egemtv.com\/index.php?rest_route=%2Fwp%2Fv2%2Fmedia&parent=49089"}],"wp:term":[{"taxonomy":"category","embeddable":true,"href":"https:\/\/www.egemtv.com\/index.php?rest_route=%2Fwp%2Fv2%2Fcategories&post=49089"},{"taxonomy":"post_tag","embeddable":true,"href":"https:\/\/www.egemtv.com\/index.php?rest_route=%2Fwp%2Fv2%2Ftags&post=49089"}],"curies":[{"name":"wp","href":"https:\/\/api.w.org\/{rel}","templated":true}]}}