{"id":49086,"date":"2025-08-15T18:16:03","date_gmt":"2025-08-15T15:16:03","guid":{"rendered":"https:\/\/www.egemtv.com\/?p=49086"},"modified":"2025-08-15T18:16:04","modified_gmt":"2025-08-15T15:16:04","slug":"cumhurbaskani-erdogan-cuma-namazini-okluk-millet-camiinde-kildi","status":"publish","type":"post","link":"https:\/\/www.egemtv.com\/?p=49086","title":{"rendered":"Cumhurba\u015fkan\u0131 Erdo\u011fan cuma namaz\u0131n\u0131 Okluk Millet Camii\u2019nde k\u0131ld\u0131"},"content":{"rendered":"<p>Mu\u011fla\u2019n\u0131n Marmaris il\u00e7esi Karacas\u00f6\u011f\u00fct Mahallesi\u2019ndeki Cumhurba\u015fkanl\u0131\u011f\u0131 yazl\u0131k konukevinde dinlenen Cumhurba\u015fkan\u0131 Recep Tayyip Erdo\u011fan, cuma namaz\u0131n\u0131 yazl\u0131k konukevindeki Millet Camii\u2019nde k\u0131ld\u0131.<br \/>\n<br \/>Cumhurba\u015fkan\u0131 Recep Tayyip Erdo\u011fan, cuma namaz\u0131n\u0131 yazl\u0131k konukevindeki Millet Camii\u2019nde k\u0131ld\u0131. Mu\u011fla Valisi \u0130dris Akb\u0131y\u0131k, AK Parti Mu\u011fla milletvekilleri, damad\u0131 Sel\u00e7uk Bayraktar, il ve il\u00e7e ba\u015fkanlar\u0131, muhtarlarla birlikte cuma namaz\u0131n\u0131 k\u0131lan Erdo\u011fan, namaz \u00e7\u0131k\u0131\u015f\u0131 vatanda\u015flarla sohbet etti. Vatanda\u015flar Cumhurba\u015fkan\u0131 Erdo\u011fan ile bol bol hat\u0131ra foto\u011fraf\u0131 \u00e7ektirdi.<br \/>\n<br \/>Cumhurba\u015fkan\u0131 Erdo\u011fan\u2019\u0131n bir s\u00fcre ailesiyle birlikte Okluk\u2019ta bulunan yazl\u0131k konukevinde dinlenece\u011fi \u00f6\u011frenildi.<br \/><\/p>\n","protected":false},"excerpt":{"rendered":"<p>Mu\u011fla\u2019n\u0131n Marmaris il\u00e7esi Karacas\u00f6\u011f\u00fct Mahallesi\u2019ndeki Cumhurba\u015fkanl\u0131\u011f\u0131 yazl\u0131k konukevinde dinlenen Cumhurba\u015fkan\u0131 Recep Tayyip Erdo\u011fan, cuma namaz\u0131n\u0131 yazl\u0131k konukevindeki Millet Camii\u2019nde k\u0131ld\u0131. Cumhurba\u015fkan\u0131 Recep Tayyip Erdo\u011fan, cuma namaz\u0131n\u0131 yazl\u0131k konukevindeki Millet Camii\u2019nde k\u0131ld\u0131. Mu\u011fla Valisi \u0130dris Akb\u0131y\u0131k, AK Parti Mu\u011fla milletvekilleri, damad\u0131 Sel\u00e7uk Bayraktar, il ve il\u00e7e ba\u015fkanlar\u0131, muhtarlarla birlikte cuma namaz\u0131n\u0131 k\u0131lan Erdo\u011fan, namaz \u00e7\u0131k\u0131\u015f\u0131 vatanda\u015flarla&#8230;<\/p>\n","protected":false},"author":1,"featured_media":49087,"comment_status":"open","ping_status":"open","sticky":false,"template":"","format":"standard","meta":{"_crdt_document":"","footnotes":""},"categories":[127],"tags":[],"class_list":["post-49086","post","type-post","status-publish","format-standard","has-post-thumbnail","hentry","category-siyaset"],"_links":{"self":[{"href":"https:\/\/www.egemtv.com\/index.php?rest_route=\/wp\/v2\/posts\/49086","targetHints":{"allow":["GET"]}}],"collection":[{"href":"https:\/\/www.egemtv.com\/index.php?rest_route=\/wp\/v2\/posts"}],"about":[{"href":"https:\/\/www.egemtv.com\/index.php?rest_route=\/wp\/v2\/types\/post"}],"author":[{"embeddable":true,"href":"https:\/\/www.egemtv.com\/index.php?rest_route=\/wp\/v2\/users\/1"}],"replies":[{"embeddable":true,"href":"https:\/\/www.egemtv.com\/index.php?rest_route=%2Fwp%2Fv2%2Fcomments&post=49086"}],"version-history":[{"count":1,"href":"https:\/\/www.egemtv.com\/index.php?rest_route=\/wp\/v2\/posts\/49086\/revisions"}],"predecessor-version":[{"id":49088,"href":"https:\/\/www.egemtv.com\/index.php?rest_route=\/wp\/v2\/posts\/49086\/revisions\/49088"}],"wp:featuredmedia":[{"embeddable":true,"href":"https:\/\/www.egemtv.com\/index.php?rest_route=\/wp\/v2\/media\/49087"}],"wp:attachment":[{"href":"https:\/\/www.egemtv.com\/index.php?rest_route=%2Fwp%2Fv2%2Fmedia&parent=49086"}],"wp:term":[{"taxonomy":"category","embeddable":true,"href":"https:\/\/www.egemtv.com\/index.php?rest_route=%2Fwp%2Fv2%2Fcategories&post=49086"},{"taxonomy":"post_tag","embeddable":true,"href":"https:\/\/www.egemtv.com\/index.php?rest_route=%2Fwp%2Fv2%2Ftags&post=49086"}],"curies":[{"name":"wp","href":"https:\/\/api.w.org\/{rel}","templated":true}]}}