{"id":49083,"date":"2025-08-15T18:16:02","date_gmt":"2025-08-15T15:16:02","guid":{"rendered":"https:\/\/www.egemtv.com\/?p=49083"},"modified":"2025-08-15T18:16:03","modified_gmt":"2025-08-15T15:16:03","slug":"ak-parti-il-baskani-erdem-ailemize-katilmasindan-buyuk-bir-memnuniyet-duyuyoruz","status":"publish","type":"post","link":"https:\/\/www.egemtv.com\/?p=49083","title":{"rendered":"AK Parti \u0130l Ba\u015fkan\u0131 Erdem: &#8220;Ailemize kat\u0131lmas\u0131ndan b\u00fcy\u00fck bir memnuniyet duyuyoruz&#8221;"},"content":{"rendered":"<p>Ayd\u0131n B\u00fcy\u00fck\u015fehir Belediye Ba\u015fkan\u0131 \u00d6zlem \u00c7er\u00e7io\u011flu\u2019nun AK Parti\u2019ye ge\u00e7mesi ile ilgili a\u00e7\u0131klama yapan AK Parti Ayd\u0131n \u0130l Ba\u015fkan\u0131 Mehmet Erdem ,&#8221;AK Parti ailemize kat\u0131lmas\u0131ndan b\u00fcy\u00fck bir memnuniyet duyuyoruz&#8221; dedi.<br \/>\n<br \/>Son g\u00fcnlerde Ayd\u0131n ve \u00fclke g\u00fcndeminde geni\u015f yank\u0131 uyand\u0131ran Ayd\u0131n B\u00fcy\u00fck\u015fehir Belediye Ba\u015fkan\u0131 \u00d6zlem \u00c7er\u00e7io\u011flu\u2019nun AK Parti\u2019ye ge\u00e7mesi ile ilgili, AK Parti Ayd\u0131n \u0130l Ba\u015fkan\u0131 Mehmet Erdem a\u00e7\u0131klamalarda bulundu. Ba\u015fkan \u00c7er\u00e7io\u011flu\u2019nun partilerine ge\u00e7mesinden b\u00fcy\u00fck memnuniyet duyduklar\u0131n\u0131 ifade eden \u0130l Ba\u015fkan\u0131 Erdem; &#8220;G\u00fczel Ayd\u0131n\u2019\u0131m\u0131z\u0131n De\u011ferli B\u00fcy\u00fck\u015fehir Belediye Ba\u015fkan\u0131 \u00d6zlem \u00c7er\u00e7io\u011flu\u2019nun AK Parti ailemize kat\u0131lmas\u0131ndan b\u00fcy\u00fck bir memnuniyet duyuyoruz. Bizler, \u2019Birlikten g\u00fc\u00e7 do\u011far\u2019 inanc\u0131yla, bu aziz milletin de\u011ferlerini, devletimizin bekas\u0131n\u0131 ve \u00fclkemizin gelece\u011fini her \u015feyin \u00fczerinde tutan bir anlay\u0131\u015f\u0131n temsilcileriyiz. AK Parti, 14 A\u011fustos 2001\u2019de \u2019Art\u0131k T\u00fcrkiye\u2019de hi\u00e7bir \u015fey eskisi gibi olmayacak\u2019 diyerek \u00e7\u0131kt\u0131\u011f\u0131 bu kutlu yolda;, millet iradesini her \u015feyin \u00fczerinde tutmu\u015f, vesayet zincirlerini k\u0131rm\u0131\u015f, siyaseti milletin emrine vermi\u015ftir. Bu dava, \u015fah\u0131slar ve makamlar i\u00e7in de\u011fil, 85 milyonun huzuru, refah\u0131 ve onuru i\u00e7in vard\u0131r. Liderimiz Recep Tayyip Erdo\u011fan\u2019\u0131n ifade etti\u011fi gibi vesayet zincirlerini k\u0131rd\u0131k. Biz bu millete efendi olmaya de\u011fil, hizmetkar olmaya geldik. Belediyecilik, AK Parti\u2019nin kurucu vizyonunun en g\u00fc\u00e7l\u00fc alanlar\u0131ndan biridir. \u0130stanbul\u2019da ba\u015flayan \u2019hizmet belediyecili\u011fi\u2019 ve \u2019g\u00f6n\u00fcl belediyecili\u011fi\u2019 anlay\u0131\u015f\u0131m\u0131z, bug\u00fcn \u00fclkemizin d\u00f6rt bir yan\u0131nda altyap\u0131dan \u00e7evre yat\u0131r\u0131mlar\u0131na, \u015fehircilikten sosyal projelere kadar millet odakl\u0131 hizmetin markas\u0131 haline gelmi\u015ftir. \u00d6zlem Han\u0131m\u2019\u0131n yerel y\u00f6netimdeki tecr\u00fcbesi, halkla kurdu\u011fu g\u00fc\u00e7l\u00fc ba\u011f ve hizmet azmi, AK Parti\u2019nin vizyonu, istikrar\u0131 ve g\u00fc\u00e7l\u00fc belediyecilik anlay\u0131\u015f\u0131 ile birle\u015fti\u011finde Ayd\u0131n\u2019\u0131m\u0131za de\u011fer katacakt\u0131r. Bu kat\u0131l\u0131m, AK Parti\u2019nin sadece bir siyasi parti de\u011fil, milletin ortak iradesinin, birlik ve beraberli\u011finin adresi oldu\u011funu g\u00f6steren en net mesajd\u0131r&#8221; dedi.<br \/>\n<br \/>&#8220;Yolumuz bir, g\u00f6nl\u00fcm\u00fcz bir, davam\u0131z bir olsun&#8221;<br \/>\n<br \/>Partilerine kat\u0131lan t\u00fcm ba\u015fkanlara \u2019ho\u015fgeldiniz\u2019 diyen Ba\u015fkan Erdem, a\u00e7\u0131klamas\u0131n\u0131n devam\u0131nda &#8220;Bug\u00fcn ayr\u0131ca Yenipazar, S\u00f6ke ve Sultanhisar belediye ba\u015fkanlar\u0131m\u0131z\u0131n da AK Parti ailemize kat\u0131l\u0131m\u0131yla Ayd\u0131n\u2019\u0131m\u0131zda birlik ve beraberlik duygusu daha da g\u00fc\u00e7lenmi\u015ftir. \u0130l\u00e7elerimizin geli\u015fimi, halk\u0131m\u0131z\u0131n refah\u0131 ve Ayd\u0131n\u2019\u0131m\u0131z\u0131n gelece\u011fi i\u00e7in bu g\u00fc\u00e7 birli\u011fi b\u00fcy\u00fck bir ad\u0131m olacakt\u0131r. Ayr\u0131ca ifade etmek isterim ki bu kap\u0131 \u00fclkemize ve medeniyetimize hizmet etmek isteyen herkese a\u00e7\u0131kt\u0131r, Ayd\u0131n i\u00e7in ilk g\u00fcnk\u00fc heyecanla 24 senedir \u00e7al\u0131\u015fan bizler, olu\u015fan yeni sinerji ile daha g\u00fc\u00e7l\u00fc ad\u0131mlarla y\u00fcr\u00fcyoruz. Bug\u00fcn \u2019Tek millet, tek bayrak, tek vatan, tek devlet\u2019 ilkemizle, 2023 hedeflerinden T\u00fcrkiye Y\u00fczy\u0131l\u0131 vizyonuna uzanan bu kutlu y\u00fcr\u00fcy\u00fc\u015fte, Ayd\u0131n\u2019\u0131m\u0131z i\u00e7in yeni bir sayfa a\u00e7\u0131yoruz. Bu sayfada ayr\u0131l\u0131k yok, birlik var. \u00d6tekile\u015ftirme yok, kucakla\u015fma var. Dar hesaplar yok, b\u00fcy\u00fck T\u00fcrkiye ideali var. Memleketimize, medeniyetimize yapaca\u011f\u0131m\u0131z katk\u0131lar\u0131n heyecan\u0131 var. Ho\u015f geldiniz \u00d6zlem Han\u0131m. Ho\u015f geldiniz Yenipazar, S\u00f6ke ve Sultanhisar belediye ba\u015fkanlar\u0131m\u0131z. Yolumuz bir, g\u00f6nl\u00fcm\u00fcz bir, davam\u0131z bir olsun. Ayd\u0131n\u0131m\u0131z i\u00e7in hay\u0131rl\u0131 olsun&#8221; ifadelerine yer verdi.<br \/><\/p>\n","protected":false},"excerpt":{"rendered":"<p>Ayd\u0131n B\u00fcy\u00fck\u015fehir Belediye Ba\u015fkan\u0131 \u00d6zlem \u00c7er\u00e7io\u011flu\u2019nun AK Parti\u2019ye ge\u00e7mesi ile ilgili a\u00e7\u0131klama yapan AK Parti Ayd\u0131n \u0130l Ba\u015fkan\u0131 Mehmet Erdem ,&#8221;AK Parti ailemize kat\u0131lmas\u0131ndan b\u00fcy\u00fck bir memnuniyet duyuyoruz&#8221; dedi. Son g\u00fcnlerde Ayd\u0131n ve \u00fclke g\u00fcndeminde geni\u015f yank\u0131 uyand\u0131ran Ayd\u0131n B\u00fcy\u00fck\u015fehir Belediye Ba\u015fkan\u0131 \u00d6zlem \u00c7er\u00e7io\u011flu\u2019nun AK Parti\u2019ye ge\u00e7mesi ile ilgili, AK Parti Ayd\u0131n \u0130l Ba\u015fkan\u0131 Mehmet&#8230;<\/p>\n","protected":false},"author":1,"featured_media":49084,"comment_status":"open","ping_status":"open","sticky":false,"template":"","format":"standard","meta":{"_crdt_document":"","footnotes":""},"categories":[127],"tags":[],"class_list":["post-49083","post","type-post","status-publish","format-standard","has-post-thumbnail","hentry","category-siyaset"],"_links":{"self":[{"href":"https:\/\/www.egemtv.com\/index.php?rest_route=\/wp\/v2\/posts\/49083","targetHints":{"allow":["GET"]}}],"collection":[{"href":"https:\/\/www.egemtv.com\/index.php?rest_route=\/wp\/v2\/posts"}],"about":[{"href":"https:\/\/www.egemtv.com\/index.php?rest_route=\/wp\/v2\/types\/post"}],"author":[{"embeddable":true,"href":"https:\/\/www.egemtv.com\/index.php?rest_route=\/wp\/v2\/users\/1"}],"replies":[{"embeddable":true,"href":"https:\/\/www.egemtv.com\/index.php?rest_route=%2Fwp%2Fv2%2Fcomments&post=49083"}],"version-history":[{"count":1,"href":"https:\/\/www.egemtv.com\/index.php?rest_route=\/wp\/v2\/posts\/49083\/revisions"}],"predecessor-version":[{"id":49085,"href":"https:\/\/www.egemtv.com\/index.php?rest_route=\/wp\/v2\/posts\/49083\/revisions\/49085"}],"wp:featuredmedia":[{"embeddable":true,"href":"https:\/\/www.egemtv.com\/index.php?rest_route=\/wp\/v2\/media\/49084"}],"wp:attachment":[{"href":"https:\/\/www.egemtv.com\/index.php?rest_route=%2Fwp%2Fv2%2Fmedia&parent=49083"}],"wp:term":[{"taxonomy":"category","embeddable":true,"href":"https:\/\/www.egemtv.com\/index.php?rest_route=%2Fwp%2Fv2%2Fcategories&post=49083"},{"taxonomy":"post_tag","embeddable":true,"href":"https:\/\/www.egemtv.com\/index.php?rest_route=%2Fwp%2Fv2%2Ftags&post=49083"}],"curies":[{"name":"wp","href":"https:\/\/api.w.org\/{rel}","templated":true}]}}