{"id":49080,"date":"2025-08-15T18:16:01","date_gmt":"2025-08-15T15:16:01","guid":{"rendered":"https:\/\/www.egemtv.com\/?p=49080"},"modified":"2025-08-15T18:16:02","modified_gmt":"2025-08-15T15:16:02","slug":"eski-mugla-milletvekili-ali-boga-kazada-hayatini-kaybetti","status":"publish","type":"post","link":"https:\/\/www.egemtv.com\/?p=49080","title":{"rendered":"Eski Mu\u011fla Milletvekili Ali Bo\u011fa kazada hayat\u0131n\u0131 kaybetti"},"content":{"rendered":"<p>24\u2019\u00fcnc\u00fc d\u00f6nem AK Parti Mu\u011fla Milletvekili Ali Bo\u011fa, Mu\u011fla\u2019n\u0131n Fethiye il\u00e7esinde ge\u00e7irdi\u011fi trafik kazas\u0131nda hayat\u0131n\u0131 kaybetti.<br \/>\n<br \/>Kaza, Seydikemer-Fethiye karayolu \u00fczerinde meydana geldi. Edinilen bilgiye g\u00f6re, Fethiye-Antalya karayolu Kara\u00e7ulha mevkiinde ekmek almak i\u00e7in yolun kar\u015f\u0131s\u0131na ge\u00e7en 24\u2019\u00fcnc\u00fc d\u00f6nem AK Parti Mu\u011fla Milletvekili Ali Bo\u011fa\u2019ya, V.K.\u2019n\u0131n kulland\u0131\u011f\u0131 07 GRN 12 plakal\u0131 otomobil \u00e7arpt\u0131. Kazay\u0131 g\u00f6renlerin durumu 112 Acil \u00c7a\u011fr\u0131 Merkezi\u2019ne bildirmesi \u00fczerine \u00e7ok say\u0131da ambulans ve polis ekibi kaza yerine sevk edildi. Olay yerine gelen sa\u011fl\u0131k ekipleri, Ali Bo\u011fa\u2019n\u0131n hayat\u0131n\u0131 kaybetti\u011fini belirledi. Otomobil s\u00fcr\u00fcc\u00fcs\u00fc V.K., polis ekipleri taraf\u0131ndan g\u00f6zalt\u0131na al\u0131nd\u0131.<br \/>\n<br \/>Kazay\u0131 duyan AK Parti Mu\u011fla Milletvekili Yakup Otg\u00f6z, Seydikemer Belediye Ba\u015fkan\u0131 \u00d6nder Akdenizli, Fethiye Kaymakam\u0131 Fatih Akkaya, AK Parti il, il\u00e7e y\u00f6neticileri ve yak\u0131nlar\u0131 olay yerine ak\u0131n etti.<br \/><\/p>\n","protected":false},"excerpt":{"rendered":"<p>24\u2019\u00fcnc\u00fc d\u00f6nem AK Parti Mu\u011fla Milletvekili Ali Bo\u011fa, Mu\u011fla\u2019n\u0131n Fethiye il\u00e7esinde ge\u00e7irdi\u011fi trafik kazas\u0131nda hayat\u0131n\u0131 kaybetti. Kaza, Seydikemer-Fethiye karayolu \u00fczerinde meydana geldi. Edinilen bilgiye g\u00f6re, Fethiye-Antalya karayolu Kara\u00e7ulha mevkiinde ekmek almak i\u00e7in yolun kar\u015f\u0131s\u0131na ge\u00e7en 24\u2019\u00fcnc\u00fc d\u00f6nem AK Parti Mu\u011fla Milletvekili Ali Bo\u011fa\u2019ya, V.K.\u2019n\u0131n kulland\u0131\u011f\u0131 07 GRN 12 plakal\u0131 otomobil \u00e7arpt\u0131. Kazay\u0131 g\u00f6renlerin durumu 112&#8230;<\/p>\n","protected":false},"author":1,"featured_media":49081,"comment_status":"open","ping_status":"open","sticky":false,"template":"","format":"standard","meta":{"_crdt_document":"","footnotes":""},"categories":[5],"tags":[],"class_list":["post-49080","post","type-post","status-publish","format-standard","has-post-thumbnail","hentry","category-asayis"],"_links":{"self":[{"href":"https:\/\/www.egemtv.com\/index.php?rest_route=\/wp\/v2\/posts\/49080","targetHints":{"allow":["GET"]}}],"collection":[{"href":"https:\/\/www.egemtv.com\/index.php?rest_route=\/wp\/v2\/posts"}],"about":[{"href":"https:\/\/www.egemtv.com\/index.php?rest_route=\/wp\/v2\/types\/post"}],"author":[{"embeddable":true,"href":"https:\/\/www.egemtv.com\/index.php?rest_route=\/wp\/v2\/users\/1"}],"replies":[{"embeddable":true,"href":"https:\/\/www.egemtv.com\/index.php?rest_route=%2Fwp%2Fv2%2Fcomments&post=49080"}],"version-history":[{"count":1,"href":"https:\/\/www.egemtv.com\/index.php?rest_route=\/wp\/v2\/posts\/49080\/revisions"}],"predecessor-version":[{"id":49082,"href":"https:\/\/www.egemtv.com\/index.php?rest_route=\/wp\/v2\/posts\/49080\/revisions\/49082"}],"wp:featuredmedia":[{"embeddable":true,"href":"https:\/\/www.egemtv.com\/index.php?rest_route=\/wp\/v2\/media\/49081"}],"wp:attachment":[{"href":"https:\/\/www.egemtv.com\/index.php?rest_route=%2Fwp%2Fv2%2Fmedia&parent=49080"}],"wp:term":[{"taxonomy":"category","embeddable":true,"href":"https:\/\/www.egemtv.com\/index.php?rest_route=%2Fwp%2Fv2%2Fcategories&post=49080"},{"taxonomy":"post_tag","embeddable":true,"href":"https:\/\/www.egemtv.com\/index.php?rest_route=%2Fwp%2Fv2%2Ftags&post=49080"}],"curies":[{"name":"wp","href":"https:\/\/api.w.org\/{rel}","templated":true}]}}