{"id":49077,"date":"2025-08-15T18:16:00","date_gmt":"2025-08-15T15:16:00","guid":{"rendered":"https:\/\/www.egemtv.com\/?p=49077"},"modified":"2025-08-15T18:16:01","modified_gmt":"2025-08-15T15:16:01","slug":"bodrumda-ariza-yapan-tekne-catal-adasina-oturdu-3-kisi-kurtarildi","status":"publish","type":"post","link":"https:\/\/www.egemtv.com\/?p=49077","title":{"rendered":"Bodrum\u2019da ar\u0131za yapan tekne \u00c7atal Adas\u0131\u2019na oturdu, 3 ki\u015fi kurtar\u0131ld\u0131"},"content":{"rendered":"<p>Mu\u011fla\u2019n\u0131n Bodrum il\u00e7esi a\u00e7\u0131klar\u0131nda ar\u0131za yapan tekne s\u00fcr\u00fcklenerek \u00c7atal Adas\u0131 k\u0131y\u0131s\u0131na oturdu. Teknede bulunan 3 ki\u015fi, Sahil G\u00fcvenlik ekiplerinin h\u0131zl\u0131 m\u00fcdahalesiyle kurtar\u0131ld\u0131.<\/p>\n<p>Olay, Yal\u0131kavak a\u00e7\u0131klar\u0131ndaki \u00c7atal Adas\u0131 yak\u0131nlar\u0131nda meydana geldi. Edinilen bilgiye g\u00f6re, hen\u00fcz belirlenemeyen bir nedenle ar\u0131za yapan ve i\u00e7inde 3 ki\u015finin bulundu\u011fu tekne, r\u00fczgar ve ak\u0131nt\u0131n\u0131n etkisiyle s\u00fcr\u00fcklenerek adan\u0131n k\u0131y\u0131s\u0131na oturdu. \u00c7arpma ya da yaralanma ya\u015fanmamas\u0131 i\u00e7in tekneden karaya \u00e7\u0131kan 3 vatanda\u015f, ihbar \u00fczerine b\u00f6lgeye sevk edilen Sahil G\u00fcvenlik Komutanl\u0131\u011f\u0131\u2019na ba\u011fl\u0131 ekiplerce bulunduklar\u0131 yerden al\u0131narak g\u00fcvenli b\u00f6lgeye g\u00f6t\u00fcr\u00fcld\u00fc. Teknenin, yap\u0131lacak \u00e7al\u0131\u015fmalar\u0131n ard\u0131ndan b\u00f6lgeden \u00e7\u0131kar\u0131laca\u011f\u0131 \u00f6\u011frenildi.<br \/><\/p>\n","protected":false},"excerpt":{"rendered":"<p>Mu\u011fla\u2019n\u0131n Bodrum il\u00e7esi a\u00e7\u0131klar\u0131nda ar\u0131za yapan tekne s\u00fcr\u00fcklenerek \u00c7atal Adas\u0131 k\u0131y\u0131s\u0131na oturdu. Teknede bulunan 3 ki\u015fi, Sahil G\u00fcvenlik ekiplerinin h\u0131zl\u0131 m\u00fcdahalesiyle kurtar\u0131ld\u0131. Olay, Yal\u0131kavak a\u00e7\u0131klar\u0131ndaki \u00c7atal Adas\u0131 yak\u0131nlar\u0131nda meydana geldi. Edinilen bilgiye g\u00f6re, hen\u00fcz belirlenemeyen bir nedenle ar\u0131za yapan ve i\u00e7inde 3 ki\u015finin bulundu\u011fu tekne, r\u00fczgar ve ak\u0131nt\u0131n\u0131n etkisiyle s\u00fcr\u00fcklenerek adan\u0131n k\u0131y\u0131s\u0131na oturdu. \u00c7arpma ya&#8230;<\/p>\n","protected":false},"author":1,"featured_media":49078,"comment_status":"open","ping_status":"open","sticky":false,"template":"","format":"standard","meta":{"_crdt_document":"","footnotes":""},"categories":[5],"tags":[],"class_list":["post-49077","post","type-post","status-publish","format-standard","has-post-thumbnail","hentry","category-asayis"],"_links":{"self":[{"href":"https:\/\/www.egemtv.com\/index.php?rest_route=\/wp\/v2\/posts\/49077","targetHints":{"allow":["GET"]}}],"collection":[{"href":"https:\/\/www.egemtv.com\/index.php?rest_route=\/wp\/v2\/posts"}],"about":[{"href":"https:\/\/www.egemtv.com\/index.php?rest_route=\/wp\/v2\/types\/post"}],"author":[{"embeddable":true,"href":"https:\/\/www.egemtv.com\/index.php?rest_route=\/wp\/v2\/users\/1"}],"replies":[{"embeddable":true,"href":"https:\/\/www.egemtv.com\/index.php?rest_route=%2Fwp%2Fv2%2Fcomments&post=49077"}],"version-history":[{"count":1,"href":"https:\/\/www.egemtv.com\/index.php?rest_route=\/wp\/v2\/posts\/49077\/revisions"}],"predecessor-version":[{"id":49079,"href":"https:\/\/www.egemtv.com\/index.php?rest_route=\/wp\/v2\/posts\/49077\/revisions\/49079"}],"wp:featuredmedia":[{"embeddable":true,"href":"https:\/\/www.egemtv.com\/index.php?rest_route=\/wp\/v2\/media\/49078"}],"wp:attachment":[{"href":"https:\/\/www.egemtv.com\/index.php?rest_route=%2Fwp%2Fv2%2Fmedia&parent=49077"}],"wp:term":[{"taxonomy":"category","embeddable":true,"href":"https:\/\/www.egemtv.com\/index.php?rest_route=%2Fwp%2Fv2%2Fcategories&post=49077"},{"taxonomy":"post_tag","embeddable":true,"href":"https:\/\/www.egemtv.com\/index.php?rest_route=%2Fwp%2Fv2%2Ftags&post=49077"}],"curies":[{"name":"wp","href":"https:\/\/api.w.org\/{rel}","templated":true}]}}