{"id":49071,"date":"2025-08-15T17:55:51","date_gmt":"2025-08-15T14:55:51","guid":{"rendered":"https:\/\/www.egemtv.com\/?p=49071"},"modified":"2025-08-15T17:55:51","modified_gmt":"2025-08-15T14:55:51","slug":"kamyonetle-otomobil-carpisti-4-yarali","status":"publish","type":"post","link":"https:\/\/www.egemtv.com\/?p=49071","title":{"rendered":"Kamyonetle otomobil \u00e7arp\u0131\u015ft\u0131: 4 yaral\u0131"},"content":{"rendered":"<p>Mu\u011fla\u2019n\u0131n Marmaris il\u00e7esinde kamyonet ile otomobilin \u00e7arp\u0131\u015fmas\u0131 sonucu meydana gelen kazada 4 ki\u015fi yaraland\u0131.<br \/>\n<br \/>Kaza, Marmaris-Mu\u011fla Karayolu Okluk Kav\u015fa\u011f\u0131\u2019nda saat 12.30 s\u0131ralar\u0131nda meydana geldi. Edinilen bilgiye g\u00f6re 35 ARS 072 plakal\u0131 kamyonet ile 34 HGA 305 plakal\u0131 otomobil \u00e7arp\u0131\u015ft\u0131. \u00c7arp\u0131\u015fman\u0131n etkisiyle savrulan otomobil takla atarak ters d\u00f6nd\u00fc. Otomobilde bulunan 4 ki\u015fi yaraland\u0131. Kazay\u0131 g\u00f6renler durumu 112 Acil \u00c7a\u011fr\u0131 Merkezi\u2019ne bildirdi. \u0130hbar \u00fczerine b\u00f6lgeye polis ve sa\u011fl\u0131k ekipleri sevk edildi. K\u0131sa s\u00fcrede olay yerine gelen ekipler, yaral\u0131lar\u0131 ilk m\u00fcdahalelerinin ard\u0131ndan ambulansla hastaneye kald\u0131rd\u0131. Yaral\u0131lar\u0131n hayati tehlikelerinin bulunmad\u0131\u011f\u0131 \u00f6\u011frenilirken kaza ile ilgili inceleme ba\u015flat\u0131ld\u0131.<br \/><\/p>\n","protected":false},"excerpt":{"rendered":"<p>Mu\u011fla\u2019n\u0131n Marmaris il\u00e7esinde kamyonet ile otomobilin \u00e7arp\u0131\u015fmas\u0131 sonucu meydana gelen kazada 4 ki\u015fi yaraland\u0131. Kaza, Marmaris-Mu\u011fla Karayolu Okluk Kav\u015fa\u011f\u0131\u2019nda saat 12.30 s\u0131ralar\u0131nda meydana geldi. Edinilen bilgiye g\u00f6re 35 ARS 072 plakal\u0131 kamyonet ile 34 HGA 305 plakal\u0131 otomobil \u00e7arp\u0131\u015ft\u0131. \u00c7arp\u0131\u015fman\u0131n etkisiyle savrulan otomobil takla atarak ters d\u00f6nd\u00fc. Otomobilde bulunan 4 ki\u015fi yaraland\u0131. Kazay\u0131 g\u00f6renler durumu&#8230;<\/p>\n","protected":false},"author":1,"featured_media":49072,"comment_status":"open","ping_status":"open","sticky":false,"template":"","format":"standard","meta":{"_crdt_document":"","footnotes":""},"categories":[5],"tags":[],"class_list":["post-49071","post","type-post","status-publish","format-standard","has-post-thumbnail","hentry","category-asayis"],"_links":{"self":[{"href":"https:\/\/www.egemtv.com\/index.php?rest_route=\/wp\/v2\/posts\/49071","targetHints":{"allow":["GET"]}}],"collection":[{"href":"https:\/\/www.egemtv.com\/index.php?rest_route=\/wp\/v2\/posts"}],"about":[{"href":"https:\/\/www.egemtv.com\/index.php?rest_route=\/wp\/v2\/types\/post"}],"author":[{"embeddable":true,"href":"https:\/\/www.egemtv.com\/index.php?rest_route=\/wp\/v2\/users\/1"}],"replies":[{"embeddable":true,"href":"https:\/\/www.egemtv.com\/index.php?rest_route=%2Fwp%2Fv2%2Fcomments&post=49071"}],"version-history":[{"count":1,"href":"https:\/\/www.egemtv.com\/index.php?rest_route=\/wp\/v2\/posts\/49071\/revisions"}],"predecessor-version":[{"id":49073,"href":"https:\/\/www.egemtv.com\/index.php?rest_route=\/wp\/v2\/posts\/49071\/revisions\/49073"}],"wp:featuredmedia":[{"embeddable":true,"href":"https:\/\/www.egemtv.com\/index.php?rest_route=\/wp\/v2\/media\/49072"}],"wp:attachment":[{"href":"https:\/\/www.egemtv.com\/index.php?rest_route=%2Fwp%2Fv2%2Fmedia&parent=49071"}],"wp:term":[{"taxonomy":"category","embeddable":true,"href":"https:\/\/www.egemtv.com\/index.php?rest_route=%2Fwp%2Fv2%2Fcategories&post=49071"},{"taxonomy":"post_tag","embeddable":true,"href":"https:\/\/www.egemtv.com\/index.php?rest_route=%2Fwp%2Fv2%2Ftags&post=49071"}],"curies":[{"name":"wp","href":"https:\/\/api.w.org\/{rel}","templated":true}]}}