{"id":49068,"date":"2025-08-15T17:34:48","date_gmt":"2025-08-15T14:34:48","guid":{"rendered":"https:\/\/www.egemtv.com\/?p=49068"},"modified":"2025-08-15T17:34:49","modified_gmt":"2025-08-15T14:34:49","slug":"simav-azerbaycan-caddesinde-asfalt-yol-calismalari-tamamlandi","status":"publish","type":"post","link":"https:\/\/www.egemtv.com\/?p=49068","title":{"rendered":"Simav Azerbaycan Caddesi\u2019nde asfalt yol \u00e7al\u0131\u015fmalar\u0131 tamamland\u0131"},"content":{"rendered":"<p>K\u00fctahya\u2019n\u0131n Simav il\u00e7esinde, Azerbaycan Caddesi\u2019nde tamamlanan asfalt yol \u00e7al\u0131\u015fmalar\u0131 protokol \u00fcyelerinin kat\u0131l\u0131m\u0131yla incelendi.<br \/>\n<br \/>Programa K\u00fctahya Valisi Musa I\u015f\u0131n, AK Parti K\u00fctahya milletvekilleri Adil Bi\u00e7er ve Mehmet Demir ile, Simav Kaymakam\u0131 B\u00fcnyamin Karalo\u011flu, \u0130l Genel Meclisi Ba\u015fkan\u0131 Muammer \u00d6zcura, \u0130l Genel Sekreteri M\u00fccahit Eracar, AK Parti Simav \u0130l\u00e7e Ba\u015fkan\u0131 Orhan Akbo\u011fa, Simav Belediye Ba\u015fkan\u0131 K\u00fcbra Tekel Aktulun ve di\u011fer protokol \u00fcyeleri kat\u0131ld\u0131.<br \/>\n<br \/>K\u00fctahya \u0130l \u00d6zel \u0130daresi ile Simav Belediyesi i\u015f birli\u011finde y\u00fcr\u00fct\u00fclen proje kapsam\u0131nda yenilenen yolun, hem vatanda\u015flar\u0131n g\u00fcnl\u00fck ya\u015fam\u0131n\u0131 kolayla\u015ft\u0131raca\u011f\u0131 hem de \u015fehir i\u00e7i ula\u015f\u0131m\u0131 rahatlat\u0131p ticareti canland\u0131raca\u011f\u0131 belirtildi.<br \/>\n<br \/>Milletvekili Adil Bi\u00e7er, yat\u0131r\u0131mlar\u0131n hizmet siyaseti anlay\u0131\u015f\u0131n\u0131n somut g\u00f6stergesi oldu\u011funu vurgulayarak, &#8220;Milletimizin her kuru\u015funu yine milletimizin huzuru, refah\u0131 ve gelece\u011fi i\u00e7in kullanmaya devam edece\u011fiz. Yol medeniyettir, hizmet AK Parti\u2019nin ad\u0131d\u0131r&#8221; ifadelerini kulland\u0131.<br \/><\/p>\n","protected":false},"excerpt":{"rendered":"<p>K\u00fctahya\u2019n\u0131n Simav il\u00e7esinde, Azerbaycan Caddesi\u2019nde tamamlanan asfalt yol \u00e7al\u0131\u015fmalar\u0131 protokol \u00fcyelerinin kat\u0131l\u0131m\u0131yla incelendi. Programa K\u00fctahya Valisi Musa I\u015f\u0131n, AK Parti K\u00fctahya milletvekilleri Adil Bi\u00e7er ve Mehmet Demir ile, Simav Kaymakam\u0131 B\u00fcnyamin Karalo\u011flu, \u0130l Genel Meclisi Ba\u015fkan\u0131 Muammer \u00d6zcura, \u0130l Genel Sekreteri M\u00fccahit Eracar, AK Parti Simav \u0130l\u00e7e Ba\u015fkan\u0131 Orhan Akbo\u011fa, Simav Belediye Ba\u015fkan\u0131 K\u00fcbra Tekel&#8230;<\/p>\n","protected":false},"author":1,"featured_media":49069,"comment_status":"open","ping_status":"open","sticky":false,"template":"","format":"standard","meta":{"_crdt_document":"","footnotes":""},"categories":[1],"tags":[],"class_list":["post-49068","post","type-post","status-publish","format-standard","has-post-thumbnail","hentry","category-guncel"],"_links":{"self":[{"href":"https:\/\/www.egemtv.com\/index.php?rest_route=\/wp\/v2\/posts\/49068","targetHints":{"allow":["GET"]}}],"collection":[{"href":"https:\/\/www.egemtv.com\/index.php?rest_route=\/wp\/v2\/posts"}],"about":[{"href":"https:\/\/www.egemtv.com\/index.php?rest_route=\/wp\/v2\/types\/post"}],"author":[{"embeddable":true,"href":"https:\/\/www.egemtv.com\/index.php?rest_route=\/wp\/v2\/users\/1"}],"replies":[{"embeddable":true,"href":"https:\/\/www.egemtv.com\/index.php?rest_route=%2Fwp%2Fv2%2Fcomments&post=49068"}],"version-history":[{"count":1,"href":"https:\/\/www.egemtv.com\/index.php?rest_route=\/wp\/v2\/posts\/49068\/revisions"}],"predecessor-version":[{"id":49070,"href":"https:\/\/www.egemtv.com\/index.php?rest_route=\/wp\/v2\/posts\/49068\/revisions\/49070"}],"wp:featuredmedia":[{"embeddable":true,"href":"https:\/\/www.egemtv.com\/index.php?rest_route=\/wp\/v2\/media\/49069"}],"wp:attachment":[{"href":"https:\/\/www.egemtv.com\/index.php?rest_route=%2Fwp%2Fv2%2Fmedia&parent=49068"}],"wp:term":[{"taxonomy":"category","embeddable":true,"href":"https:\/\/www.egemtv.com\/index.php?rest_route=%2Fwp%2Fv2%2Fcategories&post=49068"},{"taxonomy":"post_tag","embeddable":true,"href":"https:\/\/www.egemtv.com\/index.php?rest_route=%2Fwp%2Fv2%2Ftags&post=49068"}],"curies":[{"name":"wp","href":"https:\/\/api.w.org\/{rel}","templated":true}]}}