{"id":49065,"date":"2025-08-15T17:34:47","date_gmt":"2025-08-15T14:34:47","guid":{"rendered":"https:\/\/www.egemtv.com\/?p=49065"},"modified":"2025-08-15T17:34:48","modified_gmt":"2025-08-15T14:34:48","slug":"baskan-kayadan-cuma-pazarina-serinleten-dokunus","status":"publish","type":"post","link":"https:\/\/www.egemtv.com\/?p=49065","title":{"rendered":"Ba\u015fkan Kaya\u2019dan Cuma Pazar\u0131\u2019na serinleten dokunu\u015f"},"content":{"rendered":"<p>\u0130ncirliova Belediye Ba\u015fkan\u0131 Aytekin Kaya, il\u00e7enin en b\u00fcy\u00fck pazar\u0131 olan Cuma Pazar\u0131\u2019ndaki kapal\u0131 pazar yerini 15 adet b\u00fcy\u00fck boy vantilat\u00f6rle donatarak hem esnafa hem de vatanda\u015flara ferah bir al\u0131\u015fveri\u015f ortam\u0131 sundu. Yeni sistem, pazar esnaf\u0131 ve al\u0131\u015fveri\u015fe gelen vatanda\u015flar taraf\u0131ndan memnuniyetle kar\u015f\u0131land\u0131.<\/p>\n<p>Ayd\u0131n\u2019da son y\u0131llar\u0131n en s\u0131cak yaz mevsimi ya\u015fan\u0131rken, kapal\u0131 pazar yerinde artan s\u0131cakl\u0131k hem esnaf\u0131 hem de vatanda\u015flar\u0131 olumsuz etkiliyordu. Her Cuma d\u00fczenli olarak pazar\u0131 ziyaret eden Ba\u015fkan Kaya, s\u0131k\u00e7a iletilen bu talebe kay\u0131ts\u0131z kalmad\u0131. K\u0131sa s\u00fcrede monte edilen vantilat\u00f6rler sayesinde pazar yerinde serin bir al\u0131\u015fveri\u015f ortam\u0131 sa\u011fland\u0131. Cuma Pazar\u0131\u2019n\u0131 ziyaret ederek vatanda\u015flar\u0131n g\u00f6r\u00fc\u015flerini dinleyen Ba\u015fkan Kaya, gelen olumlu geri d\u00f6n\u00fc\u015flerden memnuniyetini dile getirdi. Ba\u015fkan Kaya yapt\u0131\u011f\u0131 a\u00e7\u0131klamada, &#8220;Kapal\u0131 Pazar Yerimize kurdu\u011fumuz 15 b\u00fcy\u00fck boy vantilat\u00f6r\u00fcn montaj i\u015flemlerini tamamlayarak \u00e7al\u0131\u015ft\u0131rmaya ba\u015flad\u0131k. Son y\u0131llar\u0131n en s\u0131cak yaz mevsiminde, esnaf\u0131m\u0131z\u0131n ve vatanda\u015flar\u0131m\u0131z\u0131n al\u0131\u015fveri\u015flerini daha rahat yapabilmeleri i\u00e7in pazar\u0131m\u0131z\u0131 serinlettik. B\u00f6ylece a\u015f\u0131r\u0131 s\u0131caklar\u0131n olumsuz etkilerini en aza indirerek hem esnaf\u0131m\u0131za hem de vatanda\u015f\u0131m\u0131za konforlu bir ortam sunduk. Halk\u0131m\u0131z\u0131n memnuniyeti bizim en b\u00fcy\u00fck motivasyonumuz. Halk\u0131m\u0131z\u0131n yan\u0131nda olmaya ve \u0130ncirliovam\u0131z\u0131 g\u00fczelle\u015ftirmeye devam edece\u011fiz. T\u00fcm esnaf\u0131m\u0131za ve vatanda\u015flar\u0131m\u0131za bol bereketli, hay\u0131rl\u0131 al\u0131\u015fveri\u015fler diliyorum&#8221; dedi.<br \/><\/p>\n","protected":false},"excerpt":{"rendered":"<p>\u0130ncirliova Belediye Ba\u015fkan\u0131 Aytekin Kaya, il\u00e7enin en b\u00fcy\u00fck pazar\u0131 olan Cuma Pazar\u0131\u2019ndaki kapal\u0131 pazar yerini 15 adet b\u00fcy\u00fck boy vantilat\u00f6rle donatarak hem esnafa hem de vatanda\u015flara ferah bir al\u0131\u015fveri\u015f ortam\u0131 sundu. Yeni sistem, pazar esnaf\u0131 ve al\u0131\u015fveri\u015fe gelen vatanda\u015flar taraf\u0131ndan memnuniyetle kar\u015f\u0131land\u0131. Ayd\u0131n\u2019da son y\u0131llar\u0131n en s\u0131cak yaz mevsimi ya\u015fan\u0131rken, kapal\u0131 pazar yerinde artan s\u0131cakl\u0131k&#8230;<\/p>\n","protected":false},"author":1,"featured_media":49066,"comment_status":"open","ping_status":"open","sticky":false,"template":"","format":"standard","meta":{"_crdt_document":"","footnotes":""},"categories":[1],"tags":[],"class_list":["post-49065","post","type-post","status-publish","format-standard","has-post-thumbnail","hentry","category-guncel"],"_links":{"self":[{"href":"https:\/\/www.egemtv.com\/index.php?rest_route=\/wp\/v2\/posts\/49065","targetHints":{"allow":["GET"]}}],"collection":[{"href":"https:\/\/www.egemtv.com\/index.php?rest_route=\/wp\/v2\/posts"}],"about":[{"href":"https:\/\/www.egemtv.com\/index.php?rest_route=\/wp\/v2\/types\/post"}],"author":[{"embeddable":true,"href":"https:\/\/www.egemtv.com\/index.php?rest_route=\/wp\/v2\/users\/1"}],"replies":[{"embeddable":true,"href":"https:\/\/www.egemtv.com\/index.php?rest_route=%2Fwp%2Fv2%2Fcomments&post=49065"}],"version-history":[{"count":1,"href":"https:\/\/www.egemtv.com\/index.php?rest_route=\/wp\/v2\/posts\/49065\/revisions"}],"predecessor-version":[{"id":49067,"href":"https:\/\/www.egemtv.com\/index.php?rest_route=\/wp\/v2\/posts\/49065\/revisions\/49067"}],"wp:featuredmedia":[{"embeddable":true,"href":"https:\/\/www.egemtv.com\/index.php?rest_route=\/wp\/v2\/media\/49066"}],"wp:attachment":[{"href":"https:\/\/www.egemtv.com\/index.php?rest_route=%2Fwp%2Fv2%2Fmedia&parent=49065"}],"wp:term":[{"taxonomy":"category","embeddable":true,"href":"https:\/\/www.egemtv.com\/index.php?rest_route=%2Fwp%2Fv2%2Fcategories&post=49065"},{"taxonomy":"post_tag","embeddable":true,"href":"https:\/\/www.egemtv.com\/index.php?rest_route=%2Fwp%2Fv2%2Ftags&post=49065"}],"curies":[{"name":"wp","href":"https:\/\/api.w.org\/{rel}","templated":true}]}}