{"id":49062,"date":"2025-08-15T17:34:46","date_gmt":"2025-08-15T14:34:46","guid":{"rendered":"https:\/\/www.egemtv.com\/?p=49062"},"modified":"2025-08-15T17:34:47","modified_gmt":"2025-08-15T14:34:47","slug":"hentbol-antrenoru-erdil-u16-erkekler-milli-takim-kampi-kadrosuna-cagrildi","status":"publish","type":"post","link":"https:\/\/www.egemtv.com\/?p=49062","title":{"rendered":"Hentbol Antren\u00f6r\u00fc Erdil U16 Erkekler Milli Tak\u0131m Kamp\u0131 Kadrosu\u2019na \u00e7a\u011fr\u0131ld\u0131"},"content":{"rendered":"<p>Anadolu Y\u0131ld\u0131zlar Ligi (Analig) Hentbol T\u00fcrkiye Finalleri\u2019nde Ayd\u0131n \u0130l Karmas\u0131 ile 2\u2019ncilik elde eden hentbol tak\u0131m\u0131n\u0131n antren\u00f6r\u00fc F\u0131rat Erdil, Hentbol Federasyonu taraf\u0131ndan U16 Erkekler Milli Tak\u0131m Kamp\u0131 kadrosuna \u00e7a\u011fr\u0131ld\u0131.<\/p>\n<p>Kuyucak Gen\u00e7lik ve Spor \u0130l\u00e7e M\u00fcd\u00fcrl\u00fc\u011f\u00fc\u2019nde g\u00f6rev yapan ve Ayd\u0131n Gen\u00e7lik ve Spor \u0130l M\u00fcd\u00fcrl\u00fc\u011f\u00fc kadrosunda bulunan F\u0131rat Erdil\u2019in milli tak\u0131m kamp\u0131na davet edilmesi sevin\u00e7le kar\u015f\u0131land\u0131. \u0130l M\u00fcd\u00fcrl\u00fc\u011f\u00fc, ba\u015far\u0131l\u0131 antren\u00f6r\u00fc tebrik ederek milli tak\u0131m s\u00fcrecinde ba\u015far\u0131lar diledi.<br \/><\/p>\n","protected":false},"excerpt":{"rendered":"<p>Anadolu Y\u0131ld\u0131zlar Ligi (Analig) Hentbol T\u00fcrkiye Finalleri\u2019nde Ayd\u0131n \u0130l Karmas\u0131 ile 2\u2019ncilik elde eden hentbol tak\u0131m\u0131n\u0131n antren\u00f6r\u00fc F\u0131rat Erdil, Hentbol Federasyonu taraf\u0131ndan U16 Erkekler Milli Tak\u0131m Kamp\u0131 kadrosuna \u00e7a\u011fr\u0131ld\u0131. Kuyucak Gen\u00e7lik ve Spor \u0130l\u00e7e M\u00fcd\u00fcrl\u00fc\u011f\u00fc\u2019nde g\u00f6rev yapan ve Ayd\u0131n Gen\u00e7lik ve Spor \u0130l M\u00fcd\u00fcrl\u00fc\u011f\u00fc kadrosunda bulunan F\u0131rat Erdil\u2019in milli tak\u0131m kamp\u0131na davet edilmesi sevin\u00e7le kar\u015f\u0131land\u0131&#8230;.<\/p>\n","protected":false},"author":1,"featured_media":49063,"comment_status":"open","ping_status":"open","sticky":false,"template":"","format":"standard","meta":{"_crdt_document":"","footnotes":""},"categories":[4],"tags":[],"class_list":["post-49062","post","type-post","status-publish","format-standard","has-post-thumbnail","hentry","category-spor"],"_links":{"self":[{"href":"https:\/\/www.egemtv.com\/index.php?rest_route=\/wp\/v2\/posts\/49062","targetHints":{"allow":["GET"]}}],"collection":[{"href":"https:\/\/www.egemtv.com\/index.php?rest_route=\/wp\/v2\/posts"}],"about":[{"href":"https:\/\/www.egemtv.com\/index.php?rest_route=\/wp\/v2\/types\/post"}],"author":[{"embeddable":true,"href":"https:\/\/www.egemtv.com\/index.php?rest_route=\/wp\/v2\/users\/1"}],"replies":[{"embeddable":true,"href":"https:\/\/www.egemtv.com\/index.php?rest_route=%2Fwp%2Fv2%2Fcomments&post=49062"}],"version-history":[{"count":1,"href":"https:\/\/www.egemtv.com\/index.php?rest_route=\/wp\/v2\/posts\/49062\/revisions"}],"predecessor-version":[{"id":49064,"href":"https:\/\/www.egemtv.com\/index.php?rest_route=\/wp\/v2\/posts\/49062\/revisions\/49064"}],"wp:featuredmedia":[{"embeddable":true,"href":"https:\/\/www.egemtv.com\/index.php?rest_route=\/wp\/v2\/media\/49063"}],"wp:attachment":[{"href":"https:\/\/www.egemtv.com\/index.php?rest_route=%2Fwp%2Fv2%2Fmedia&parent=49062"}],"wp:term":[{"taxonomy":"category","embeddable":true,"href":"https:\/\/www.egemtv.com\/index.php?rest_route=%2Fwp%2Fv2%2Fcategories&post=49062"},{"taxonomy":"post_tag","embeddable":true,"href":"https:\/\/www.egemtv.com\/index.php?rest_route=%2Fwp%2Fv2%2Ftags&post=49062"}],"curies":[{"name":"wp","href":"https:\/\/api.w.org\/{rel}","templated":true}]}}