{"id":49059,"date":"2025-08-15T17:14:52","date_gmt":"2025-08-15T14:14:52","guid":{"rendered":"https:\/\/www.egemtv.com\/?p=49059"},"modified":"2025-08-15T17:14:53","modified_gmt":"2025-08-15T14:14:53","slug":"goztepe-fenerbahce-maci-oncesi-izmirde-trafik-duzenlemesi","status":"publish","type":"post","link":"https:\/\/www.egemtv.com\/?p=49059","title":{"rendered":"G\u00f6ztepe &#8211; Fenerbah\u00e7e ma\u00e7\u0131 \u00f6ncesi \u0130zmir\u2019de trafik d\u00fczenlemesi"},"content":{"rendered":"<p>S\u00fcper Lig\u2019de yar\u0131n oynanacak G\u00f6ztepe-Fenerbah\u00e7e ma\u00e7\u0131 \u00f6ncesinde \u0130zmir\u2019de baz\u0131 yollar trafi\u011fe kapat\u0131lacak, park yasa\u011f\u0131 uygulanacak. S\u00fcr\u00fcc\u00fcler, ma\u00e7 saatlerinde alternatif g\u00fczergahlara y\u00f6nlendirilecek.<br \/>\n<br \/>S\u00fcper Lig\u2019de yar\u0131n ak\u015fam saat 21.30\u2019da G\u00fcrsel Aksel Stad\u0131\u2019nda oynanacak G\u00f6ztepe &#8211; Fenerbah\u00e7e kar\u015f\u0131la\u015fmas\u0131 \u00f6ncesinde, \u0130zmir Emniyet M\u00fcd\u00fcrl\u00fc\u011f\u00fc stadyum \u00e7evresinde baz\u0131 yollar\u0131 trafi\u011fe kapatacak ve park yasa\u011f\u0131 uygulayacak. Yap\u0131lan a\u00e7\u0131klamaya g\u00f6re, m\u00fcsabaka nedeniyle G\u00fcrsel Aksel Stadyumu \u00e7evresindeki 15 Sokak, 18 Sokak, 20\/3 Sokak ile G\u00fcrsel Aksel Caddesi\u2019nin Mithatpa\u015fa Caddesi ile \u0130n\u00f6n\u00fc Caddesi kesi\u015fimi aras\u0131nda kalan b\u00f6l\u00fcm\u00fc parkland\u0131rmalardan ar\u0131nd\u0131r\u0131larak ara\u00e7 trafi\u011fine kapat\u0131lacak.<br \/>\n<br \/>Fahrettin Altay Meydan\u0131\u2019ndan G\u00f6ztepe istikametine Mithatpa\u015fa Caddesi \u00fczerinden trafik ak\u0131\u015f\u0131 sa\u011flanmayacak olup, ara\u00e7lar Mustafa Kemal Sahil Bulvar\u0131 ile \u0130n\u00f6n\u00fc Caddesi\u2019ne y\u00f6nlendirilecek. Ayr\u0131ca, \u0130n\u00f6n\u00fc Caddesi\u2019nin Fahrettin Altay Meydan\u0131\u2019ndan 18 Sokak\u2019a kadar olan k\u0131sm\u0131 ile Mithatpa\u015fa Caddesi\u2019nin Fahrettin Altay Meydan\u0131\u2019ndan 19\/1 Sokak\u2019a kadar olan k\u0131sm\u0131 da parkland\u0131rmalardan ar\u0131nd\u0131r\u0131lacak.<br \/><\/p>\n","protected":false},"excerpt":{"rendered":"<p>S\u00fcper Lig\u2019de yar\u0131n oynanacak G\u00f6ztepe-Fenerbah\u00e7e ma\u00e7\u0131 \u00f6ncesinde \u0130zmir\u2019de baz\u0131 yollar trafi\u011fe kapat\u0131lacak, park yasa\u011f\u0131 uygulanacak. S\u00fcr\u00fcc\u00fcler, ma\u00e7 saatlerinde alternatif g\u00fczergahlara y\u00f6nlendirilecek. S\u00fcper Lig\u2019de yar\u0131n ak\u015fam saat 21.30\u2019da G\u00fcrsel Aksel Stad\u0131\u2019nda oynanacak G\u00f6ztepe &#8211; Fenerbah\u00e7e kar\u015f\u0131la\u015fmas\u0131 \u00f6ncesinde, \u0130zmir Emniyet M\u00fcd\u00fcrl\u00fc\u011f\u00fc stadyum \u00e7evresinde baz\u0131 yollar\u0131 trafi\u011fe kapatacak ve park yasa\u011f\u0131 uygulayacak. Yap\u0131lan a\u00e7\u0131klamaya g\u00f6re, m\u00fcsabaka nedeniyle G\u00fcrsel&#8230;<\/p>\n","protected":false},"author":1,"featured_media":49060,"comment_status":"open","ping_status":"open","sticky":false,"template":"","format":"standard","meta":{"_crdt_document":"","footnotes":""},"categories":[5],"tags":[],"class_list":["post-49059","post","type-post","status-publish","format-standard","has-post-thumbnail","hentry","category-asayis"],"_links":{"self":[{"href":"https:\/\/www.egemtv.com\/index.php?rest_route=\/wp\/v2\/posts\/49059","targetHints":{"allow":["GET"]}}],"collection":[{"href":"https:\/\/www.egemtv.com\/index.php?rest_route=\/wp\/v2\/posts"}],"about":[{"href":"https:\/\/www.egemtv.com\/index.php?rest_route=\/wp\/v2\/types\/post"}],"author":[{"embeddable":true,"href":"https:\/\/www.egemtv.com\/index.php?rest_route=\/wp\/v2\/users\/1"}],"replies":[{"embeddable":true,"href":"https:\/\/www.egemtv.com\/index.php?rest_route=%2Fwp%2Fv2%2Fcomments&post=49059"}],"version-history":[{"count":1,"href":"https:\/\/www.egemtv.com\/index.php?rest_route=\/wp\/v2\/posts\/49059\/revisions"}],"predecessor-version":[{"id":49061,"href":"https:\/\/www.egemtv.com\/index.php?rest_route=\/wp\/v2\/posts\/49059\/revisions\/49061"}],"wp:featuredmedia":[{"embeddable":true,"href":"https:\/\/www.egemtv.com\/index.php?rest_route=\/wp\/v2\/media\/49060"}],"wp:attachment":[{"href":"https:\/\/www.egemtv.com\/index.php?rest_route=%2Fwp%2Fv2%2Fmedia&parent=49059"}],"wp:term":[{"taxonomy":"category","embeddable":true,"href":"https:\/\/www.egemtv.com\/index.php?rest_route=%2Fwp%2Fv2%2Fcategories&post=49059"},{"taxonomy":"post_tag","embeddable":true,"href":"https:\/\/www.egemtv.com\/index.php?rest_route=%2Fwp%2Fv2%2Ftags&post=49059"}],"curies":[{"name":"wp","href":"https:\/\/api.w.org\/{rel}","templated":true}]}}