{"id":49056,"date":"2025-08-15T17:14:52","date_gmt":"2025-08-15T14:14:52","guid":{"rendered":"https:\/\/www.egemtv.com\/?p=49056"},"modified":"2025-08-15T17:14:52","modified_gmt":"2025-08-15T14:14:52","slug":"aydinda-analig-tenis-2-etap-musabakalari-tamamlandi","status":"publish","type":"post","link":"https:\/\/www.egemtv.com\/?p=49056","title":{"rendered":"Ayd\u0131n\u2019da Analig Tenis 2. Etap M\u00fcsabakalar\u0131 tamamland\u0131"},"content":{"rendered":"<p>Ayd\u0131n\u2019\u0131n ev sahipli\u011finde ger\u00e7ekle\u015ftirilen Analig Tenis 2. Etap M\u00fcsabakalar\u0131 co\u015fkulu bir \u015fekilde tamamlan\u0131rken, kazanan tak\u0131mlar T\u00fcrkiye Finali\u2019ne y\u00fckseldi.<\/p>\n<p>Ayd\u0131n Gen\u00e7lik ve Spor \u0130l M\u00fcd\u00fcrl\u00fc\u011f\u00fc ev sahipli\u011finde ger\u00e7ekle\u015ftirilen Anadolu Y\u0131ld\u0131zlar Ligi (ANAL\u0130G) Tenis 2. Etap M\u00fcsabakalar\u0131 sona erdi. Marmara ve Ege b\u00f6lgelerinden 20 farkl\u0131 ilden 200 sporcunun kat\u0131ld\u0131\u011f\u0131 organizasyon, tenis severlere heyecan dolu ma\u00e7lar izleme f\u0131rsat\u0131 sundu. M\u00fcsabakalar sonucunda erkekler ve k\u0131zlarda 4\u2019er tak\u0131m T\u00fcrkiye finallerine kat\u0131lmaya hak kazand\u0131. Erkekler Grup 1\u2019de Tekirda\u011f birinci, \u0130stanbul ikinci, Erkekler Grup 2\u2019de Mu\u011fla birinci, Manisa ikinci, K\u0131zlar Grup 1\u2019de Mu\u011fla birinci, \u00c7anakkale ikinci, K\u0131zlar Grup 2\u2019de \u0130stanbul birinci, Tekirda\u011f ikinci olarak T\u00fcrkiye finallerine y\u00fckseldi.<\/p>\n<p>Ayd\u0131n Gen\u00e7lik ve Spor \u0130l M\u00fcd\u00fcr\u00fc Serhat Y\u0131\u011fmatepe, kapan\u0131\u015f t\u00f6reninde yapt\u0131\u011f\u0131 konu\u015fmada sporun birle\u015ftirici g\u00fcc\u00fcne dikkat \u00e7ekerek, &#8220;Bu t\u00fcr organizasyonlar hem gen\u00e7lerimizin geli\u015fimi hem de iller aras\u0131 dostluk ve karde\u015flik ba\u011flar\u0131n\u0131n g\u00fc\u00e7lenmesi a\u00e7\u0131s\u0131ndan b\u00fcy\u00fck \u00f6nem ta\u015f\u0131yor. T\u00fcm sporcular\u0131m\u0131z\u0131 tebrik ediyor, T\u00fcrkiye finallerinde ba\u015far\u0131lar diliyorum&#8221; dedi.<br \/><\/p>\n","protected":false},"excerpt":{"rendered":"<p>Ayd\u0131n\u2019\u0131n ev sahipli\u011finde ger\u00e7ekle\u015ftirilen Analig Tenis 2. Etap M\u00fcsabakalar\u0131 co\u015fkulu bir \u015fekilde tamamlan\u0131rken, kazanan tak\u0131mlar T\u00fcrkiye Finali\u2019ne y\u00fckseldi. Ayd\u0131n Gen\u00e7lik ve Spor \u0130l M\u00fcd\u00fcrl\u00fc\u011f\u00fc ev sahipli\u011finde ger\u00e7ekle\u015ftirilen Anadolu Y\u0131ld\u0131zlar Ligi (ANAL\u0130G) Tenis 2. Etap M\u00fcsabakalar\u0131 sona erdi. Marmara ve Ege b\u00f6lgelerinden 20 farkl\u0131 ilden 200 sporcunun kat\u0131ld\u0131\u011f\u0131 organizasyon, tenis severlere heyecan dolu ma\u00e7lar izleme f\u0131rsat\u0131&#8230;<\/p>\n","protected":false},"author":1,"featured_media":49057,"comment_status":"open","ping_status":"open","sticky":false,"template":"","format":"standard","meta":{"_crdt_document":"","footnotes":""},"categories":[4],"tags":[],"class_list":["post-49056","post","type-post","status-publish","format-standard","has-post-thumbnail","hentry","category-spor"],"_links":{"self":[{"href":"https:\/\/www.egemtv.com\/index.php?rest_route=\/wp\/v2\/posts\/49056","targetHints":{"allow":["GET"]}}],"collection":[{"href":"https:\/\/www.egemtv.com\/index.php?rest_route=\/wp\/v2\/posts"}],"about":[{"href":"https:\/\/www.egemtv.com\/index.php?rest_route=\/wp\/v2\/types\/post"}],"author":[{"embeddable":true,"href":"https:\/\/www.egemtv.com\/index.php?rest_route=\/wp\/v2\/users\/1"}],"replies":[{"embeddable":true,"href":"https:\/\/www.egemtv.com\/index.php?rest_route=%2Fwp%2Fv2%2Fcomments&post=49056"}],"version-history":[{"count":1,"href":"https:\/\/www.egemtv.com\/index.php?rest_route=\/wp\/v2\/posts\/49056\/revisions"}],"predecessor-version":[{"id":49058,"href":"https:\/\/www.egemtv.com\/index.php?rest_route=\/wp\/v2\/posts\/49056\/revisions\/49058"}],"wp:featuredmedia":[{"embeddable":true,"href":"https:\/\/www.egemtv.com\/index.php?rest_route=\/wp\/v2\/media\/49057"}],"wp:attachment":[{"href":"https:\/\/www.egemtv.com\/index.php?rest_route=%2Fwp%2Fv2%2Fmedia&parent=49056"}],"wp:term":[{"taxonomy":"category","embeddable":true,"href":"https:\/\/www.egemtv.com\/index.php?rest_route=%2Fwp%2Fv2%2Fcategories&post=49056"},{"taxonomy":"post_tag","embeddable":true,"href":"https:\/\/www.egemtv.com\/index.php?rest_route=%2Fwp%2Fv2%2Ftags&post=49056"}],"curies":[{"name":"wp","href":"https:\/\/api.w.org\/{rel}","templated":true}]}}