{"id":49053,"date":"2025-08-15T17:14:51","date_gmt":"2025-08-15T14:14:51","guid":{"rendered":"https:\/\/www.egemtv.com\/?p=49053"},"modified":"2025-08-15T17:14:51","modified_gmt":"2025-08-15T14:14:51","slug":"tek-katli-evde-cikan-yangin-mahalleliyi-korkuttu","status":"publish","type":"post","link":"https:\/\/www.egemtv.com\/?p=49053","title":{"rendered":"Tek katl\u0131 evde \u00e7\u0131kan yang\u0131n mahalleliyi korkuttu"},"content":{"rendered":"<p>DEN\u0130ZL\u0130(\u0130HA) \u2013 Denizli\u2019nin Merkezefendi il\u00e7esinde sebebi hen\u00fcz belirlenemeyen tek katl\u0131 bir evde yang\u0131n \u00e7\u0131kt\u0131. Ev k\u0131sa s\u00fcrede alevlere teslim olurken can kayb\u0131 ya\u015fanmad\u0131.<\/p>\n<p>Yang\u0131n, Merkezefendi il\u00e7esi Yeni Mahalle\u2019de meydana geldi. Edinilen bilgilere g\u00f6re; bir evin i\u00e7inden dumanlar y\u00fckseldi\u011fini g\u00f6ren vatanda\u015flar durumu 112 Acil \u00c7a\u011fr\u0131 Merkezi\u2019ne bildirdi. \u0130hbar \u00fczerine Denizli B\u00fcy\u00fck\u015fehir Belediyesi \u0130tfaiye Daire Ba\u015fkanl\u0131\u011f\u0131 ekipleri, polis ve sa\u011fl\u0131k ekipleri sevk edildi. K\u0131sa s\u00fcrede alevlerin sard\u0131\u011f\u0131 eve itfaiye ekipleri, yang\u0131na m\u00fcdahalede bulundu. K\u0131sa s\u00fcrede s\u00f6nd\u00fcr\u00fclen yang\u0131nda herhangi bir yaralanma veya can kayb\u0131 olmad\u0131. Evde b\u00fcy\u00fck maddi hasar meydana geldi.<br \/>\n<br \/>Yang\u0131n\u0131n \u00e7\u0131k\u0131\u015f nedeninin tespit edilmesi i\u00e7in inceleme ba\u015flat\u0131ld\u0131.<br \/>\n<br \/>Olayla ilgili ara\u015ft\u0131rma s\u00fcr\u00fcyor.<br \/><\/p>\n","protected":false},"excerpt":{"rendered":"<p>DEN\u0130ZL\u0130(\u0130HA) \u2013 Denizli\u2019nin Merkezefendi il\u00e7esinde sebebi hen\u00fcz belirlenemeyen tek katl\u0131 bir evde yang\u0131n \u00e7\u0131kt\u0131. Ev k\u0131sa s\u00fcrede alevlere teslim olurken can kayb\u0131 ya\u015fanmad\u0131. Yang\u0131n, Merkezefendi il\u00e7esi Yeni Mahalle\u2019de meydana geldi. Edinilen bilgilere g\u00f6re; bir evin i\u00e7inden dumanlar y\u00fckseldi\u011fini g\u00f6ren vatanda\u015flar durumu 112 Acil \u00c7a\u011fr\u0131 Merkezi\u2019ne bildirdi. \u0130hbar \u00fczerine Denizli B\u00fcy\u00fck\u015fehir Belediyesi \u0130tfaiye Daire Ba\u015fkanl\u0131\u011f\u0131 ekipleri,&#8230;<\/p>\n","protected":false},"author":1,"featured_media":49054,"comment_status":"open","ping_status":"open","sticky":false,"template":"","format":"standard","meta":{"_crdt_document":"","footnotes":""},"categories":[5],"tags":[],"class_list":["post-49053","post","type-post","status-publish","format-standard","has-post-thumbnail","hentry","category-asayis"],"_links":{"self":[{"href":"https:\/\/www.egemtv.com\/index.php?rest_route=\/wp\/v2\/posts\/49053","targetHints":{"allow":["GET"]}}],"collection":[{"href":"https:\/\/www.egemtv.com\/index.php?rest_route=\/wp\/v2\/posts"}],"about":[{"href":"https:\/\/www.egemtv.com\/index.php?rest_route=\/wp\/v2\/types\/post"}],"author":[{"embeddable":true,"href":"https:\/\/www.egemtv.com\/index.php?rest_route=\/wp\/v2\/users\/1"}],"replies":[{"embeddable":true,"href":"https:\/\/www.egemtv.com\/index.php?rest_route=%2Fwp%2Fv2%2Fcomments&post=49053"}],"version-history":[{"count":1,"href":"https:\/\/www.egemtv.com\/index.php?rest_route=\/wp\/v2\/posts\/49053\/revisions"}],"predecessor-version":[{"id":49055,"href":"https:\/\/www.egemtv.com\/index.php?rest_route=\/wp\/v2\/posts\/49053\/revisions\/49055"}],"wp:featuredmedia":[{"embeddable":true,"href":"https:\/\/www.egemtv.com\/index.php?rest_route=\/wp\/v2\/media\/49054"}],"wp:attachment":[{"href":"https:\/\/www.egemtv.com\/index.php?rest_route=%2Fwp%2Fv2%2Fmedia&parent=49053"}],"wp:term":[{"taxonomy":"category","embeddable":true,"href":"https:\/\/www.egemtv.com\/index.php?rest_route=%2Fwp%2Fv2%2Fcategories&post=49053"},{"taxonomy":"post_tag","embeddable":true,"href":"https:\/\/www.egemtv.com\/index.php?rest_route=%2Fwp%2Fv2%2Ftags&post=49053"}],"curies":[{"name":"wp","href":"https:\/\/api.w.org\/{rel}","templated":true}]}}