{"id":49050,"date":"2025-08-15T16:54:42","date_gmt":"2025-08-15T13:54:42","guid":{"rendered":"https:\/\/www.egemtv.com\/?p=49050"},"modified":"2025-08-15T16:54:42","modified_gmt":"2025-08-15T13:54:42","slug":"bozdoganda-kurdeleler-cocuklar-icin-kesildi","status":"publish","type":"post","link":"https:\/\/www.egemtv.com\/?p=49050","title":{"rendered":"Bozdo\u011fan\u2019da kurdeleler \u00e7ocuklar i\u00e7in kesildi"},"content":{"rendered":"<p>Ayd\u0131n\u2019\u0131n Bozdo\u011fan il\u00e7esinde hizmete giren k\u0131rtasiye ve oyun salonu d\u00fczenlenen t\u00f6renle a\u00e7\u0131l\u0131rken, kurdeleler bu kez \u00e7ocuklar i\u00e7in kesildi.<br \/>\n<br \/>Bozdo\u011fan\u2019da, kitap ve k\u0131rtasiye hizmetlerinin yan\u0131 s\u0131ra minikler i\u00e7in oyun salonu da bar\u0131nd\u0131ran &#8220;yeni nesil&#8221; bir i\u015fletme hizmete girdi. K\u0131rtasiye ve Oyun Salonu\u2019nun a\u00e7\u0131l\u0131\u015f\u0131n\u0131 Bozdo\u011fan Kaymakam\u0131 Yunus Emre Polat, Bozdo\u011fan Belediye Ba\u015fkan\u0131 Mustafa Galip \u00d6zel yapt\u0131. T\u00f6rene Kaymakam Polat ve Belediye Ba\u015fkan\u0131 \u00d6zel\u2019in yan\u0131 s\u0131ra siyasi partilerin il\u00e7e ba\u015fkanlar\u0131, belediye meclis \u00fcyeleri, \u0130l\u00e7e Milli E\u011fitim M\u00fcd\u00fcr\u00fc, \u00f6\u011fretmenler ve \u00e7ok say\u0131da vatanda\u015f kat\u0131ld\u0131.<\/p>\n<p>\u0130l\u00e7e M\u00fcft\u00fcs\u00fc R\u0131dvan Seletli\u2019nin okudu\u011fu duan\u0131n ard\u0131ndan protokol \u00fcyeleri kurdeleyi bu kez \u00e7ocuklar i\u00e7in keserek i\u015fletmenin il\u00e7eye hay\u0131rl\u0131 olmas\u0131n\u0131 diledi. Yeni i\u015fletmede okul kitaplar\u0131n\u0131n ve k\u0131rtasiye \u00fcr\u00fcnlerinin yan\u0131 s\u0131ra, \u00e7ocuklar\u0131n g\u00fcvenle vakit ge\u00e7irebilece\u011fi oyun alanlar\u0131 ve \u00e7e\u015fitli yiyecek-i\u00e7ecek se\u00e7enekleri de bulunuyor.<br \/><\/p>\n","protected":false},"excerpt":{"rendered":"<p>Ayd\u0131n\u2019\u0131n Bozdo\u011fan il\u00e7esinde hizmete giren k\u0131rtasiye ve oyun salonu d\u00fczenlenen t\u00f6renle a\u00e7\u0131l\u0131rken, kurdeleler bu kez \u00e7ocuklar i\u00e7in kesildi. Bozdo\u011fan\u2019da, kitap ve k\u0131rtasiye hizmetlerinin yan\u0131 s\u0131ra minikler i\u00e7in oyun salonu da bar\u0131nd\u0131ran &#8220;yeni nesil&#8221; bir i\u015fletme hizmete girdi. K\u0131rtasiye ve Oyun Salonu\u2019nun a\u00e7\u0131l\u0131\u015f\u0131n\u0131 Bozdo\u011fan Kaymakam\u0131 Yunus Emre Polat, Bozdo\u011fan Belediye Ba\u015fkan\u0131 Mustafa Galip \u00d6zel yapt\u0131. T\u00f6rene&#8230;<\/p>\n","protected":false},"author":1,"featured_media":49051,"comment_status":"open","ping_status":"open","sticky":false,"template":"","format":"standard","meta":{"_crdt_document":"","footnotes":""},"categories":[1],"tags":[],"class_list":["post-49050","post","type-post","status-publish","format-standard","has-post-thumbnail","hentry","category-guncel"],"_links":{"self":[{"href":"https:\/\/www.egemtv.com\/index.php?rest_route=\/wp\/v2\/posts\/49050","targetHints":{"allow":["GET"]}}],"collection":[{"href":"https:\/\/www.egemtv.com\/index.php?rest_route=\/wp\/v2\/posts"}],"about":[{"href":"https:\/\/www.egemtv.com\/index.php?rest_route=\/wp\/v2\/types\/post"}],"author":[{"embeddable":true,"href":"https:\/\/www.egemtv.com\/index.php?rest_route=\/wp\/v2\/users\/1"}],"replies":[{"embeddable":true,"href":"https:\/\/www.egemtv.com\/index.php?rest_route=%2Fwp%2Fv2%2Fcomments&post=49050"}],"version-history":[{"count":1,"href":"https:\/\/www.egemtv.com\/index.php?rest_route=\/wp\/v2\/posts\/49050\/revisions"}],"predecessor-version":[{"id":49052,"href":"https:\/\/www.egemtv.com\/index.php?rest_route=\/wp\/v2\/posts\/49050\/revisions\/49052"}],"wp:featuredmedia":[{"embeddable":true,"href":"https:\/\/www.egemtv.com\/index.php?rest_route=\/wp\/v2\/media\/49051"}],"wp:attachment":[{"href":"https:\/\/www.egemtv.com\/index.php?rest_route=%2Fwp%2Fv2%2Fmedia&parent=49050"}],"wp:term":[{"taxonomy":"category","embeddable":true,"href":"https:\/\/www.egemtv.com\/index.php?rest_route=%2Fwp%2Fv2%2Fcategories&post=49050"},{"taxonomy":"post_tag","embeddable":true,"href":"https:\/\/www.egemtv.com\/index.php?rest_route=%2Fwp%2Fv2%2Ftags&post=49050"}],"curies":[{"name":"wp","href":"https:\/\/api.w.org\/{rel}","templated":true}]}}