{"id":49047,"date":"2025-08-15T16:54:41","date_gmt":"2025-08-15T13:54:41","guid":{"rendered":"https:\/\/www.egemtv.com\/?p=49047"},"modified":"2025-08-15T16:54:42","modified_gmt":"2025-08-15T13:54:42","slug":"fethiye-katranci-koyu-yangini-kismen-kontrol-altinda","status":"publish","type":"post","link":"https:\/\/www.egemtv.com\/?p=49047","title":{"rendered":"Fethiye Katranc\u0131 koyu yang\u0131n\u0131 k\u0131smen kontrol alt\u0131nda"},"content":{"rendered":"<p>Mu\u011fla\u2019n\u0131n Fethiye il\u00e7esi Katranc\u0131 koyunda ba\u015flayan orman yang\u0131n\u0131 ekiplerin havadan ve karadan m\u00fcdahalesi ile k\u0131smen kontrol alt\u0131na al\u0131nd\u0131.<br \/>\n<br \/>Katranc\u0131 Koyu yak\u0131nlar\u0131nda ormanl\u0131k alanda hen\u00fcz belirlenemeyen bir nedenle \u00e7\u0131kan orman yang\u0131n\u0131na havadan ve karadan m\u00fcdahale ger\u00e7ekle\u015ftirildi. Yang\u0131na havadan iki u\u00e7ak ve iki helikopter m\u00fcdahale ederken, yanan alan\u0131n denize yak\u0131n olmas\u0131 nedeniyle u\u00e7ak ve helikopterlerin s\u0131k s\u0131k ger\u00e7ekle\u015ftirdi\u011fi sortiler sonras\u0131 alevlerin \u00f6n\u00fc kesildi.<br \/>\n<br \/>Alevlerin \u00f6n\u00fcn\u00fcn kesilmesinin ard\u0131ndan u\u00e7aklar b\u00f6lgeden ayr\u0131l\u0131rken, helikopterler havadan so\u011futma \u00e7al\u0131\u015fmas\u0131na devam etti.<br \/><\/p>\n","protected":false},"excerpt":{"rendered":"<p>Mu\u011fla\u2019n\u0131n Fethiye il\u00e7esi Katranc\u0131 koyunda ba\u015flayan orman yang\u0131n\u0131 ekiplerin havadan ve karadan m\u00fcdahalesi ile k\u0131smen kontrol alt\u0131na al\u0131nd\u0131. Katranc\u0131 Koyu yak\u0131nlar\u0131nda ormanl\u0131k alanda hen\u00fcz belirlenemeyen bir nedenle \u00e7\u0131kan orman yang\u0131n\u0131na havadan ve karadan m\u00fcdahale ger\u00e7ekle\u015ftirildi. Yang\u0131na havadan iki u\u00e7ak ve iki helikopter m\u00fcdahale ederken, yanan alan\u0131n denize yak\u0131n olmas\u0131 nedeniyle u\u00e7ak ve helikopterlerin s\u0131k s\u0131k&#8230;<\/p>\n","protected":false},"author":1,"featured_media":49048,"comment_status":"open","ping_status":"open","sticky":false,"template":"","format":"standard","meta":{"_crdt_document":"","footnotes":""},"categories":[5],"tags":[],"class_list":["post-49047","post","type-post","status-publish","format-standard","has-post-thumbnail","hentry","category-asayis"],"_links":{"self":[{"href":"https:\/\/www.egemtv.com\/index.php?rest_route=\/wp\/v2\/posts\/49047","targetHints":{"allow":["GET"]}}],"collection":[{"href":"https:\/\/www.egemtv.com\/index.php?rest_route=\/wp\/v2\/posts"}],"about":[{"href":"https:\/\/www.egemtv.com\/index.php?rest_route=\/wp\/v2\/types\/post"}],"author":[{"embeddable":true,"href":"https:\/\/www.egemtv.com\/index.php?rest_route=\/wp\/v2\/users\/1"}],"replies":[{"embeddable":true,"href":"https:\/\/www.egemtv.com\/index.php?rest_route=%2Fwp%2Fv2%2Fcomments&post=49047"}],"version-history":[{"count":1,"href":"https:\/\/www.egemtv.com\/index.php?rest_route=\/wp\/v2\/posts\/49047\/revisions"}],"predecessor-version":[{"id":49049,"href":"https:\/\/www.egemtv.com\/index.php?rest_route=\/wp\/v2\/posts\/49047\/revisions\/49049"}],"wp:featuredmedia":[{"embeddable":true,"href":"https:\/\/www.egemtv.com\/index.php?rest_route=\/wp\/v2\/media\/49048"}],"wp:attachment":[{"href":"https:\/\/www.egemtv.com\/index.php?rest_route=%2Fwp%2Fv2%2Fmedia&parent=49047"}],"wp:term":[{"taxonomy":"category","embeddable":true,"href":"https:\/\/www.egemtv.com\/index.php?rest_route=%2Fwp%2Fv2%2Fcategories&post=49047"},{"taxonomy":"post_tag","embeddable":true,"href":"https:\/\/www.egemtv.com\/index.php?rest_route=%2Fwp%2Fv2%2Ftags&post=49047"}],"curies":[{"name":"wp","href":"https:\/\/api.w.org\/{rel}","templated":true}]}}