{"id":49038,"date":"2025-08-15T16:34:58","date_gmt":"2025-08-15T13:34:58","guid":{"rendered":"https:\/\/www.egemtv.com\/?p=49038"},"modified":"2025-08-15T16:34:58","modified_gmt":"2025-08-15T13:34:58","slug":"marmariste-doktora-saldiran-supheli-tutuklandi","status":"publish","type":"post","link":"https:\/\/www.egemtv.com\/?p=49038","title":{"rendered":"Marmaris\u2019te doktora sald\u0131ran \u015f\u00fcpheli tutukland\u0131"},"content":{"rendered":"<p>Mu\u011fla\u2019n\u0131n Marmaris il\u00e7esinde, Devlet Hastanesi\u2019nde g\u00f6revli bir doktora fiziki sald\u0131r\u0131da bulunan \u015f\u00fcpheli K.\u00c7., \u00e7\u0131kar\u0131ld\u0131\u011f\u0131 mahkemece tutukland\u0131.<\/p>\n<p>Olay, Marmaris Devlet Hastanesi\u2019nde ge\u00e7ti\u011fimiz g\u00fcn ya\u015fand\u0131. Edinilen bilgiye g\u00f6re K.\u00c7. isimli hasta, muayene olmak \u00fczere \u00fcroloji poliklini\u011fine ba\u015fvurdu. Poliklinikte g\u00f6revli doktor S.P., gerekli t\u0131bbi de\u011ferlendirmelerin ard\u0131ndan hastay\u0131 acil servise y\u00f6nlendirdi. Ancak bu y\u00f6nlendirmeye sinirlenen K.\u00c7., \u00f6nce doktora s\u00f6zl\u00fc hakaretlerde bulundu, ard\u0131ndan doktor S.P.\u2019ye karn\u0131na tekme atarak fiziki sald\u0131r\u0131da bulundu. Sald\u0131rgan bununla da yetinmeyerek klinikte bulunan bilgisayarlara zarar verdi. Olay\u0131n hemen ard\u0131ndan hastane y\u00f6netimi taraf\u0131ndan \u2019beyaz kod\u2019 verildi ve durum emniyet g\u00fc\u00e7lerine bildirildi. K\u0131sa s\u00fcrede olay yerine ula\u015fan polis ekipleri, K.\u00c7.\u2019yi yakalayarak g\u00f6zalt\u0131na ald\u0131.<\/p>\n<p>Sald\u0131rgan tutukland\u0131<br \/>\n<br \/>Doktor S.P.\u2019nin sald\u0131rgan hakk\u0131nda \u015fikayet\u00e7i olmas\u0131 \u00fczerine adli i\u015flemler ba\u015flat\u0131ld\u0131. G\u00f6zalt\u0131na al\u0131nan K.\u00c7., i\u015flemlerinin ard\u0131ndan adliyeye sevk edildi. N\u00f6bet\u00e7i mahkemeye \u00e7\u0131kar\u0131lan sald\u0131rgan, tutuklanarak cezaevine g\u00f6nderildi.<br \/><\/p>\n","protected":false},"excerpt":{"rendered":"<p>Mu\u011fla\u2019n\u0131n Marmaris il\u00e7esinde, Devlet Hastanesi\u2019nde g\u00f6revli bir doktora fiziki sald\u0131r\u0131da bulunan \u015f\u00fcpheli K.\u00c7., \u00e7\u0131kar\u0131ld\u0131\u011f\u0131 mahkemece tutukland\u0131. Olay, Marmaris Devlet Hastanesi\u2019nde ge\u00e7ti\u011fimiz g\u00fcn ya\u015fand\u0131. Edinilen bilgiye g\u00f6re K.\u00c7. isimli hasta, muayene olmak \u00fczere \u00fcroloji poliklini\u011fine ba\u015fvurdu. Poliklinikte g\u00f6revli doktor S.P., gerekli t\u0131bbi de\u011ferlendirmelerin ard\u0131ndan hastay\u0131 acil servise y\u00f6nlendirdi. Ancak bu y\u00f6nlendirmeye sinirlenen K.\u00c7., \u00f6nce doktora s\u00f6zl\u00fc&#8230;<\/p>\n","protected":false},"author":1,"featured_media":49039,"comment_status":"open","ping_status":"open","sticky":false,"template":"","format":"standard","meta":{"_crdt_document":"","footnotes":""},"categories":[5],"tags":[],"class_list":["post-49038","post","type-post","status-publish","format-standard","has-post-thumbnail","hentry","category-asayis"],"_links":{"self":[{"href":"https:\/\/www.egemtv.com\/index.php?rest_route=\/wp\/v2\/posts\/49038","targetHints":{"allow":["GET"]}}],"collection":[{"href":"https:\/\/www.egemtv.com\/index.php?rest_route=\/wp\/v2\/posts"}],"about":[{"href":"https:\/\/www.egemtv.com\/index.php?rest_route=\/wp\/v2\/types\/post"}],"author":[{"embeddable":true,"href":"https:\/\/www.egemtv.com\/index.php?rest_route=\/wp\/v2\/users\/1"}],"replies":[{"embeddable":true,"href":"https:\/\/www.egemtv.com\/index.php?rest_route=%2Fwp%2Fv2%2Fcomments&post=49038"}],"version-history":[{"count":1,"href":"https:\/\/www.egemtv.com\/index.php?rest_route=\/wp\/v2\/posts\/49038\/revisions"}],"predecessor-version":[{"id":49040,"href":"https:\/\/www.egemtv.com\/index.php?rest_route=\/wp\/v2\/posts\/49038\/revisions\/49040"}],"wp:featuredmedia":[{"embeddable":true,"href":"https:\/\/www.egemtv.com\/index.php?rest_route=\/wp\/v2\/media\/49039"}],"wp:attachment":[{"href":"https:\/\/www.egemtv.com\/index.php?rest_route=%2Fwp%2Fv2%2Fmedia&parent=49038"}],"wp:term":[{"taxonomy":"category","embeddable":true,"href":"https:\/\/www.egemtv.com\/index.php?rest_route=%2Fwp%2Fv2%2Fcategories&post=49038"},{"taxonomy":"post_tag","embeddable":true,"href":"https:\/\/www.egemtv.com\/index.php?rest_route=%2Fwp%2Fv2%2Ftags&post=49038"}],"curies":[{"name":"wp","href":"https:\/\/api.w.org\/{rel}","templated":true}]}}