{"id":49032,"date":"2025-08-15T16:14:53","date_gmt":"2025-08-15T13:14:53","guid":{"rendered":"https:\/\/www.egemtv.com\/?p=49032"},"modified":"2025-08-15T16:14:53","modified_gmt":"2025-08-15T13:14:53","slug":"elektrik-akimina-kapilan-deski-personeli-hayatini-kaybetti","status":"publish","type":"post","link":"https:\/\/www.egemtv.com\/?p=49032","title":{"rendered":"Elektrik ak\u0131m\u0131na kap\u0131lan DESK\u0130 personeli hayat\u0131n\u0131 kaybetti"},"content":{"rendered":"<p>DEN\u0130ZL\u0130 (\u0130HA) \u2013 Denizli\u2019nin Beya\u011fa\u00e7 il\u00e7esinde su \u00f6l\u00e7\u00fcm\u00fc yapmak i\u00e7in kaz\u0131 yap\u0131lan sondaja inen DESK\u0130 perosoneli, elektrik ak\u0131m\u0131na kap\u0131lmas\u0131 sonucu hayat\u0131n\u0131 kaybetti.<\/p>\n<p>Olay, saat 15.00 s\u0131ralar\u0131nda Denizli\u2019nin Beya\u011fa\u00e7 il\u00e7esine ba\u011fl\u0131 Yeni\u00e7e\u015fme Mahallesi\u2019nde meydana geldi. Denizli B\u00fcy\u00fck\u015fehir Belediyesi DESK\u0130 Genel M\u00fcd\u00fcrl\u00fc\u011f\u00fc taraf\u0131ndan yeni bu su kayna\u011f\u0131 temin edilmesi i\u00e7in jenerat\u00f6r yard\u0131m\u0131yla sondaj \u00e7al\u0131\u015fmas\u0131 yap\u0131ld\u0131. \u00c7al\u0131\u015fmalar devam ederken su \u00f6l\u00e7\u00fcm\u00fc yapmak i\u00e7in a\u00e7\u0131lanan sondaj \u00e7ukuruna inen 28 ya\u015f\u0131ndaki Denizli DESK\u0130 personeli Furkan Derer, elektrik ak\u0131m\u0131na kap\u0131ld\u0131.<\/p>\n<p>Jenerat\u00f6r\u00fcn kapat\u0131lmas\u0131n\u0131n ard\u0131ndan bulundu\u011fu yerden \u00e7\u0131kart\u0131lan Furkan Derer, 112 Acil \u00c7a\u011fr\u0131 Merkezine bildirilen ihbar\u0131n ard\u0131ndan b\u00f6lgeye sevk edilen sa\u011fl\u0131k personellerinin yapt\u0131\u011f\u0131 t\u00fcm m\u00fcdahalelere ra\u011fmen kurtar\u0131lamad\u0131. Hayat\u0131n\u0131 kaybeden i\u015f\u00e7inin cenazesi, adli t\u0131p kurumuna sevk edildi. Olayla ilgili soru\u015fturma ba\u015flat\u0131ld\u0131.<br \/><\/p>\n","protected":false},"excerpt":{"rendered":"<p>DEN\u0130ZL\u0130 (\u0130HA) \u2013 Denizli\u2019nin Beya\u011fa\u00e7 il\u00e7esinde su \u00f6l\u00e7\u00fcm\u00fc yapmak i\u00e7in kaz\u0131 yap\u0131lan sondaja inen DESK\u0130 perosoneli, elektrik ak\u0131m\u0131na kap\u0131lmas\u0131 sonucu hayat\u0131n\u0131 kaybetti. Olay, saat 15.00 s\u0131ralar\u0131nda Denizli\u2019nin Beya\u011fa\u00e7 il\u00e7esine ba\u011fl\u0131 Yeni\u00e7e\u015fme Mahallesi\u2019nde meydana geldi. Denizli B\u00fcy\u00fck\u015fehir Belediyesi DESK\u0130 Genel M\u00fcd\u00fcrl\u00fc\u011f\u00fc taraf\u0131ndan yeni bu su kayna\u011f\u0131 temin edilmesi i\u00e7in jenerat\u00f6r yard\u0131m\u0131yla sondaj \u00e7al\u0131\u015fmas\u0131 yap\u0131ld\u0131. \u00c7al\u0131\u015fmalar devam&#8230;<\/p>\n","protected":false},"author":1,"featured_media":49033,"comment_status":"open","ping_status":"open","sticky":false,"template":"","format":"standard","meta":{"_crdt_document":"","footnotes":""},"categories":[5],"tags":[],"class_list":["post-49032","post","type-post","status-publish","format-standard","has-post-thumbnail","hentry","category-asayis"],"_links":{"self":[{"href":"https:\/\/www.egemtv.com\/index.php?rest_route=\/wp\/v2\/posts\/49032","targetHints":{"allow":["GET"]}}],"collection":[{"href":"https:\/\/www.egemtv.com\/index.php?rest_route=\/wp\/v2\/posts"}],"about":[{"href":"https:\/\/www.egemtv.com\/index.php?rest_route=\/wp\/v2\/types\/post"}],"author":[{"embeddable":true,"href":"https:\/\/www.egemtv.com\/index.php?rest_route=\/wp\/v2\/users\/1"}],"replies":[{"embeddable":true,"href":"https:\/\/www.egemtv.com\/index.php?rest_route=%2Fwp%2Fv2%2Fcomments&post=49032"}],"version-history":[{"count":1,"href":"https:\/\/www.egemtv.com\/index.php?rest_route=\/wp\/v2\/posts\/49032\/revisions"}],"predecessor-version":[{"id":49034,"href":"https:\/\/www.egemtv.com\/index.php?rest_route=\/wp\/v2\/posts\/49032\/revisions\/49034"}],"wp:featuredmedia":[{"embeddable":true,"href":"https:\/\/www.egemtv.com\/index.php?rest_route=\/wp\/v2\/media\/49033"}],"wp:attachment":[{"href":"https:\/\/www.egemtv.com\/index.php?rest_route=%2Fwp%2Fv2%2Fmedia&parent=49032"}],"wp:term":[{"taxonomy":"category","embeddable":true,"href":"https:\/\/www.egemtv.com\/index.php?rest_route=%2Fwp%2Fv2%2Fcategories&post=49032"},{"taxonomy":"post_tag","embeddable":true,"href":"https:\/\/www.egemtv.com\/index.php?rest_route=%2Fwp%2Fv2%2Ftags&post=49032"}],"curies":[{"name":"wp","href":"https:\/\/api.w.org\/{rel}","templated":true}]}}