{"id":49026,"date":"2025-08-15T15:35:58","date_gmt":"2025-08-15T12:35:58","guid":{"rendered":"https:\/\/www.egemtv.com\/?p=49026"},"modified":"2025-08-15T15:35:58","modified_gmt":"2025-08-15T12:35:58","slug":"kisa-mola-merkezleri-muglanin-her-kosesine-yayiliyor","status":"publish","type":"post","link":"https:\/\/www.egemtv.com\/?p=49026","title":{"rendered":"K\u0131sa Mola Merkezleri Mu\u011fla\u2019n\u0131n her k\u00f6\u015fesine yay\u0131l\u0131yor"},"content":{"rendered":"<p>\u00d6zel ihtiya\u00e7l\u0131 bireyler ve ailelerine g\u00fcvenli bir soluklanma imk\u00e2n\u0131 sunan \u2018K\u0131sa Mola Merkezleri\u2019, Mu\u011fla B\u00fcy\u00fck\u015fehir Belediyesi\u2019nin \u00f6nc\u00fc sosyal projelerinden her ge\u00e7en g\u00fcn daha fazla aileye ula\u015f\u0131yor.<br \/>\n<br \/>T\u00fcrkiye\u2019de ilk olma \u00f6zelli\u011fini ta\u015f\u0131yan K\u0131sa Mola Merkezleri, bug\u00fcne kadar 577 aileye toplam 11 bin 121 kez hizmet verdi. Mente\u015fe\u2019de ba\u015flayan K\u0131sa Mola hizmeti k\u0131sa s\u00fcrede Milas, Fethiye ve Marmaris\u2019e ula\u015ft\u0131. Bir y\u0131l i\u00e7inde Bodrum, Dat\u00e7a, Yata\u011fan ve Ortaca il\u00e7elerine kazand\u0131r\u0131lan merkezler, yak\u0131n zamanda Dalaman\u2019da da faaliyete ge\u00e7ecek. B\u00f6ylece Mu\u011fla B\u00fcy\u00fck\u015fehir Belediyesi, toplam 8 il\u00e7ede \u00f6zel ihtiya\u00e7l\u0131 bireyler i\u00e7in g\u00fcvenli, konforlu ve nitelikli bir mola imk\u00e2n\u0131 sunmu\u015f olacak.<br \/>\n<br \/>G\u00fcvenli ve Konforlu Hizmet<br \/>\n<br \/>K\u0131sa Mola Merkezleri, 5 ya\u015f ve \u00fczeri engelli bireylerin ayda d\u00f6rt kez, her seferinde \u00fc\u00e7 saate kadar g\u00fcvenle vakit ge\u00e7irebilecekleri alanlar olarak tasarland\u0131. Talepte bulunan ailelere, \u00f6zel donan\u0131ml\u0131 ara\u00e7larla evden alma ve eve b\u0131rakma hizmeti de sunuluyor.<br \/>\n<br \/>Merkezlerde bireyler, alan\u0131nda uzman personel e\u015fli\u011finde sosyal, sanatsal ve e\u011fitici etkinliklere kat\u0131l\u0131yor. B\u00f6ylece aileler de g\u00fcnl\u00fck i\u015flerini yapabilecek, dinlenebilecek ya da sosyal faaliyetlere kat\u0131labilecek zaman buluyor.<br \/>\n<br \/>Ailelerden b\u00fcy\u00fck memnuniyet<br \/>\n<br \/>Hizmetten yararlanan aileler, K\u0131sa Mola\u2019n\u0131n hayatlar\u0131nda \u00f6nemli bir yer tuttu\u011funu dile getiriyor. Hizmetten faydalanan anne &#8220;K\u0131sa Mola bana terapi gibi geliyor, kendimle ba\u015f ba\u015fa kal\u0131p kitap okuyabiliyorum&#8221; derken, ba\u015fka bir anne ise &#8220;Evlad\u0131m eve mutlu gelince ben de \u00e7ok mutlu oluyorum&#8221; s\u00f6zleriyle duygular\u0131n\u0131 payla\u015f\u0131yor.<br \/>\n<br \/>Sosyal belediyecilik vurgusu<br \/>\n<br \/>K\u0131y\u0131 Ege Belediyeler Birli\u011fi ve Mu\u011fla B\u00fcy\u00fck\u015fehir Belediye Ba\u015fkan\u0131 Ahmet Aras, K\u0131sa Mola Merkezlerinin yaln\u0131zca bir hizmet de\u011fil, ayn\u0131 zamanda sosyal belediyecilik anlay\u0131\u015f\u0131n\u0131n g\u00fc\u00e7l\u00fc bir yans\u0131mas\u0131 oldu\u011funu belirterek \u015funlar\u0131 s\u00f6yledi: &#8220;\u00d6zel ihtiya\u00e7l\u0131 bireylerimiz ve aileleri, toplumun en k\u0131ymetli, en hassas kesimlerinden biri. Onlar\u0131n ya\u015fam kalitesini y\u00fckseltmek, sosyal hayata daha aktif kat\u0131lmalar\u0131n\u0131 sa\u011flamak bizim en temel g\u00f6revlerimizden. K\u0131sa Mola Merkezleri ile anneler, babalar ya da bak\u0131m veren yak\u0131nlar birka\u00e7 saat de olsa kendilerine vakit ay\u0131rabiliyor, ihtiya\u00e7lar\u0131n\u0131 kar\u015f\u0131layabiliyor. \u00c7ocu\u011funu, karde\u015fini ya da e\u015fini g\u00fcvenle emanet edebilmek aileler i\u00e7in \u00e7ok b\u00fcy\u00fck bir rahatl\u0131k. Biz bu merkezleri yayg\u0131nla\u015ft\u0131rarak daha e\u015fit, daha mutlu bir Mu\u011fla in\u015fa etmeyi hedefliyoruz&#8221;<br \/><\/p>\n","protected":false},"excerpt":{"rendered":"<p>\u00d6zel ihtiya\u00e7l\u0131 bireyler ve ailelerine g\u00fcvenli bir soluklanma imk\u00e2n\u0131 sunan \u2018K\u0131sa Mola Merkezleri\u2019, Mu\u011fla B\u00fcy\u00fck\u015fehir Belediyesi\u2019nin \u00f6nc\u00fc sosyal projelerinden her ge\u00e7en g\u00fcn daha fazla aileye ula\u015f\u0131yor. T\u00fcrkiye\u2019de ilk olma \u00f6zelli\u011fini ta\u015f\u0131yan K\u0131sa Mola Merkezleri, bug\u00fcne kadar 577 aileye toplam 11 bin 121 kez hizmet verdi. Mente\u015fe\u2019de ba\u015flayan K\u0131sa Mola hizmeti k\u0131sa s\u00fcrede Milas, Fethiye ve&#8230;<\/p>\n","protected":false},"author":1,"featured_media":49027,"comment_status":"open","ping_status":"open","sticky":false,"template":"","format":"standard","meta":{"_crdt_document":"","footnotes":""},"categories":[123],"tags":[],"class_list":["post-49026","post","type-post","status-publish","format-standard","has-post-thumbnail","hentry","category-gundem"],"_links":{"self":[{"href":"https:\/\/www.egemtv.com\/index.php?rest_route=\/wp\/v2\/posts\/49026","targetHints":{"allow":["GET"]}}],"collection":[{"href":"https:\/\/www.egemtv.com\/index.php?rest_route=\/wp\/v2\/posts"}],"about":[{"href":"https:\/\/www.egemtv.com\/index.php?rest_route=\/wp\/v2\/types\/post"}],"author":[{"embeddable":true,"href":"https:\/\/www.egemtv.com\/index.php?rest_route=\/wp\/v2\/users\/1"}],"replies":[{"embeddable":true,"href":"https:\/\/www.egemtv.com\/index.php?rest_route=%2Fwp%2Fv2%2Fcomments&post=49026"}],"version-history":[{"count":1,"href":"https:\/\/www.egemtv.com\/index.php?rest_route=\/wp\/v2\/posts\/49026\/revisions"}],"predecessor-version":[{"id":49028,"href":"https:\/\/www.egemtv.com\/index.php?rest_route=\/wp\/v2\/posts\/49026\/revisions\/49028"}],"wp:featuredmedia":[{"embeddable":true,"href":"https:\/\/www.egemtv.com\/index.php?rest_route=\/wp\/v2\/media\/49027"}],"wp:attachment":[{"href":"https:\/\/www.egemtv.com\/index.php?rest_route=%2Fwp%2Fv2%2Fmedia&parent=49026"}],"wp:term":[{"taxonomy":"category","embeddable":true,"href":"https:\/\/www.egemtv.com\/index.php?rest_route=%2Fwp%2Fv2%2Fcategories&post=49026"},{"taxonomy":"post_tag","embeddable":true,"href":"https:\/\/www.egemtv.com\/index.php?rest_route=%2Fwp%2Fv2%2Ftags&post=49026"}],"curies":[{"name":"wp","href":"https:\/\/api.w.org\/{rel}","templated":true}]}}