{"id":49023,"date":"2025-08-15T15:35:57","date_gmt":"2025-08-15T12:35:57","guid":{"rendered":"https:\/\/www.egemtv.com\/?p=49023"},"modified":"2025-08-15T15:35:57","modified_gmt":"2025-08-15T12:35:57","slug":"freni-bosalan-kamyoneti-durdurmak-icin-surucusunun-pesinden-kostugu-anlar-kamerada","status":"publish","type":"post","link":"https:\/\/www.egemtv.com\/?p=49023","title":{"rendered":"Freni bo\u015falan kamyoneti durdurmak i\u00e7in s\u00fcr\u00fcc\u00fcs\u00fcn\u00fcn pe\u015finden ko\u015ftu\u011fu anlar kamerada"},"content":{"rendered":"<p>Ayd\u0131n\u2019\u0131n Ku\u015fadas\u0131 il\u00e7esinde, freni bo\u015falan park halindeki market malzemesi y\u00fckl\u00fc kamyonet, sitenin istinat duvar\u0131na \u00e7arpt\u0131. \u015eof\u00f6r\u00fcn kamyoneti durdurmak i\u00e7in pe\u015finden ko\u015ftu\u011fu anlar yak\u0131ndaki bir i\u015f yerinin g\u00fcvenlik kameras\u0131na yans\u0131d\u0131.<br \/>\n<br \/>Kaza, saat 12.00 s\u0131ralar\u0131nda Ege Mahallesi 438\u2019inci Sokak\u2019ta meydana geldi. Edinilen bilgiye g\u00f6re, \u0130sa Akg\u00f6l market malzemesi teslim etmek i\u00e7in 09 BA 601 plakal\u0131 kamyonetini e\u011fimli yola park edip, ara\u00e7tan indi. Bu s\u0131rada iddiaya g\u00f6re freni bo\u015falan kamyonet, kontrolden \u00e7\u0131k\u0131p, yoku\u015f a\u015fa\u011f\u0131ya hareket ederken s\u00fcr\u00fcc\u00fc \u0130sa Akg\u00f6l de pe\u015finden ko\u015fmaya ba\u015flad\u0131. O anlar ise yak\u0131ndaki bir i\u015f yerinin g\u00fcvenlik kameras\u0131na yans\u0131d\u0131. Yakla\u015f\u0131k 100 metre ilerleyen kamyonet, soka\u011f\u0131n sonundaki sitenin istinat duvar\u0131na \u00e7arpt\u0131. Kazada \u015fans eseri yaralanan olmazken, kamyonette maddi hasar olu\u015ftu. \u0130hbar \u00fczerine olay yerine itfaiye ve polis ekipleri sevk edildi. Kamyonet, \u00e7a\u011fr\u0131lan vin\u00e7 yard\u0131m\u0131yla as\u0131l\u0131 kald\u0131\u011f\u0131 yerden kurtar\u0131ld\u0131.<br \/>\n<br \/>Polis kazaya ili\u015fkin soru\u015fturma ba\u015flatt\u0131.<br \/><\/p>\n","protected":false},"excerpt":{"rendered":"<p>Ayd\u0131n\u2019\u0131n Ku\u015fadas\u0131 il\u00e7esinde, freni bo\u015falan park halindeki market malzemesi y\u00fckl\u00fc kamyonet, sitenin istinat duvar\u0131na \u00e7arpt\u0131. \u015eof\u00f6r\u00fcn kamyoneti durdurmak i\u00e7in pe\u015finden ko\u015ftu\u011fu anlar yak\u0131ndaki bir i\u015f yerinin g\u00fcvenlik kameras\u0131na yans\u0131d\u0131. Kaza, saat 12.00 s\u0131ralar\u0131nda Ege Mahallesi 438\u2019inci Sokak\u2019ta meydana geldi. Edinilen bilgiye g\u00f6re, \u0130sa Akg\u00f6l market malzemesi teslim etmek i\u00e7in 09 BA 601 plakal\u0131 kamyonetini e\u011fimli&#8230;<\/p>\n","protected":false},"author":1,"featured_media":49024,"comment_status":"open","ping_status":"open","sticky":false,"template":"","format":"standard","meta":{"_crdt_document":"","footnotes":""},"categories":[5],"tags":[],"class_list":["post-49023","post","type-post","status-publish","format-standard","has-post-thumbnail","hentry","category-asayis"],"_links":{"self":[{"href":"https:\/\/www.egemtv.com\/index.php?rest_route=\/wp\/v2\/posts\/49023","targetHints":{"allow":["GET"]}}],"collection":[{"href":"https:\/\/www.egemtv.com\/index.php?rest_route=\/wp\/v2\/posts"}],"about":[{"href":"https:\/\/www.egemtv.com\/index.php?rest_route=\/wp\/v2\/types\/post"}],"author":[{"embeddable":true,"href":"https:\/\/www.egemtv.com\/index.php?rest_route=\/wp\/v2\/users\/1"}],"replies":[{"embeddable":true,"href":"https:\/\/www.egemtv.com\/index.php?rest_route=%2Fwp%2Fv2%2Fcomments&post=49023"}],"version-history":[{"count":1,"href":"https:\/\/www.egemtv.com\/index.php?rest_route=\/wp\/v2\/posts\/49023\/revisions"}],"predecessor-version":[{"id":49025,"href":"https:\/\/www.egemtv.com\/index.php?rest_route=\/wp\/v2\/posts\/49023\/revisions\/49025"}],"wp:featuredmedia":[{"embeddable":true,"href":"https:\/\/www.egemtv.com\/index.php?rest_route=\/wp\/v2\/media\/49024"}],"wp:attachment":[{"href":"https:\/\/www.egemtv.com\/index.php?rest_route=%2Fwp%2Fv2%2Fmedia&parent=49023"}],"wp:term":[{"taxonomy":"category","embeddable":true,"href":"https:\/\/www.egemtv.com\/index.php?rest_route=%2Fwp%2Fv2%2Fcategories&post=49023"},{"taxonomy":"post_tag","embeddable":true,"href":"https:\/\/www.egemtv.com\/index.php?rest_route=%2Fwp%2Fv2%2Ftags&post=49023"}],"curies":[{"name":"wp","href":"https:\/\/api.w.org\/{rel}","templated":true}]}}