{"id":49020,"date":"2025-08-15T15:14:52","date_gmt":"2025-08-15T12:14:52","guid":{"rendered":"https:\/\/www.egemtv.com\/?p=49020"},"modified":"2025-08-15T15:14:53","modified_gmt":"2025-08-15T12:14:53","slug":"efelerde-okullar-yeni-egitim-ogretim-yilina-hazirlaniyor","status":"publish","type":"post","link":"https:\/\/www.egemtv.com\/?p=49020","title":{"rendered":"Efeler\u2019de okullar yeni e\u011fitim \u00f6\u011fretim y\u0131l\u0131na haz\u0131rlan\u0131yor"},"content":{"rendered":"<p>Ayd\u0131n\u2019\u0131n merkez il\u00e7esi Efeler\u2019de, okullar 2025-26 e\u011fitim \u00f6\u011fretim y\u0131l\u0131na haz\u0131rlan\u0131rken, \u0130l\u00e7e Milli E\u011fitim M\u00fcd\u00fcr\u00fc Hakan \u00d6zcan ise il\u00e7e genelindeki okullar\u0131 denetleyerek haz\u0131rl\u0131klar\u0131 yerinde inceliyor.<br \/>\n<br \/>E\u011fitim alan\u0131ndaki ba\u015far\u0131lar\u0131 ile dikkat \u00e7eken illerden olan Ayd\u0131n\u2019da, yeni e\u011fitim \u00f6\u011fretim y\u0131l\u0131 kapsam\u0131nda haz\u0131rl\u0131klar s\u00fcr\u00fcyor. 24 okul \u00f6ncesi, 62 ilkokul, 47 ortaokul, 39 lise ve 8 \u00f6zel e\u011fitim olmak \u00fczere toplam 180 \u00f6zel ve resmi e\u011fitim kurumu bulunan merkez il\u00e7e Efeler\u2019de de \u00f6\u011frencilerin ferah, modern ve daha sa\u011fl\u0131kl\u0131 bir ortamda e\u011fitim alabilmeleri amac\u0131yla haz\u0131rl\u0131k \u00e7al\u0131\u015fmalar\u0131 h\u0131z kesmeden s\u00fcr\u00fcyor. 8 Eyl\u00fcl Pazartesi g\u00fcn\u00fc ilk ders zili \u00e7alacak olan Efeler\u2019deki 54 bin 217 \u00f6\u011frenci i\u00e7in Efeler \u0130l\u00e7e Milli E\u011fitim M\u00fcd\u00fcrl\u00fc\u011f\u00fc koordinesinde y\u00fcr\u00fct\u00fclen haz\u0131rl\u0131k \u00e7al\u0131\u015fmalar\u0131n\u0131 yerinde inceleyen \u0130l\u00e7e Milli E\u011fitim M\u00fcd\u00fcr\u00fc Hakan \u00d6zcan da okullar\u0131 gezerek okul m\u00fcd\u00fcrlerinden \u00e7al\u0131\u015fmalar hakk\u0131nda detayl\u0131 bilgi al\u0131yor. Eksiklikleri ve haz\u0131rl\u0131k s\u00fcrecini yak\u0131ndan takip eden M\u00fcd\u00fcr \u00d6zcan, ilkokuldan liseye kadar b\u00fct\u00fcn okullar\u0131n sorunsuz bir \u015fekilde yeni d\u00f6neme haz\u0131r olmas\u0131 i\u00e7in \u00e7al\u0131\u015ft\u0131klar\u0131n\u0131 vurgulad\u0131.<br \/><\/p>\n","protected":false},"excerpt":{"rendered":"<p>Ayd\u0131n\u2019\u0131n merkez il\u00e7esi Efeler\u2019de, okullar 2025-26 e\u011fitim \u00f6\u011fretim y\u0131l\u0131na haz\u0131rlan\u0131rken, \u0130l\u00e7e Milli E\u011fitim M\u00fcd\u00fcr\u00fc Hakan \u00d6zcan ise il\u00e7e genelindeki okullar\u0131 denetleyerek haz\u0131rl\u0131klar\u0131 yerinde inceliyor. E\u011fitim alan\u0131ndaki ba\u015far\u0131lar\u0131 ile dikkat \u00e7eken illerden olan Ayd\u0131n\u2019da, yeni e\u011fitim \u00f6\u011fretim y\u0131l\u0131 kapsam\u0131nda haz\u0131rl\u0131klar s\u00fcr\u00fcyor. 24 okul \u00f6ncesi, 62 ilkokul, 47 ortaokul, 39 lise ve 8 \u00f6zel e\u011fitim olmak \u00fczere&#8230;<\/p>\n","protected":false},"author":1,"featured_media":49021,"comment_status":"open","ping_status":"open","sticky":false,"template":"","format":"standard","meta":{"_crdt_document":"","footnotes":""},"categories":[1],"tags":[],"class_list":["post-49020","post","type-post","status-publish","format-standard","has-post-thumbnail","hentry","category-guncel"],"_links":{"self":[{"href":"https:\/\/www.egemtv.com\/index.php?rest_route=\/wp\/v2\/posts\/49020","targetHints":{"allow":["GET"]}}],"collection":[{"href":"https:\/\/www.egemtv.com\/index.php?rest_route=\/wp\/v2\/posts"}],"about":[{"href":"https:\/\/www.egemtv.com\/index.php?rest_route=\/wp\/v2\/types\/post"}],"author":[{"embeddable":true,"href":"https:\/\/www.egemtv.com\/index.php?rest_route=\/wp\/v2\/users\/1"}],"replies":[{"embeddable":true,"href":"https:\/\/www.egemtv.com\/index.php?rest_route=%2Fwp%2Fv2%2Fcomments&post=49020"}],"version-history":[{"count":1,"href":"https:\/\/www.egemtv.com\/index.php?rest_route=\/wp\/v2\/posts\/49020\/revisions"}],"predecessor-version":[{"id":49022,"href":"https:\/\/www.egemtv.com\/index.php?rest_route=\/wp\/v2\/posts\/49020\/revisions\/49022"}],"wp:featuredmedia":[{"embeddable":true,"href":"https:\/\/www.egemtv.com\/index.php?rest_route=\/wp\/v2\/media\/49021"}],"wp:attachment":[{"href":"https:\/\/www.egemtv.com\/index.php?rest_route=%2Fwp%2Fv2%2Fmedia&parent=49020"}],"wp:term":[{"taxonomy":"category","embeddable":true,"href":"https:\/\/www.egemtv.com\/index.php?rest_route=%2Fwp%2Fv2%2Fcategories&post=49020"},{"taxonomy":"post_tag","embeddable":true,"href":"https:\/\/www.egemtv.com\/index.php?rest_route=%2Fwp%2Fv2%2Ftags&post=49020"}],"curies":[{"name":"wp","href":"https:\/\/api.w.org\/{rel}","templated":true}]}}