{"id":49017,"date":"2025-08-15T15:14:51","date_gmt":"2025-08-15T12:14:51","guid":{"rendered":"https:\/\/www.egemtv.com\/?p=49017"},"modified":"2025-08-15T15:14:52","modified_gmt":"2025-08-15T12:14:52","slug":"manisada-mma-ruzgari","status":"publish","type":"post","link":"https:\/\/www.egemtv.com\/?p=49017","title":{"rendered":"Manisa\u2019da MMA r\u00fczgar\u0131"},"content":{"rendered":"<p>Son y\u0131llarda d\u00fcnyada b\u00fcy\u00fck pop\u00fclariteye kavu\u015fan MMA (Karma D\u00f6v\u00fc\u015f Sanatlar\u0131) kurslar\u0131 Manisa\u2019da da yo\u011fun ilgiye sahne oluyor. Ama\u00e7lar\u0131n\u0131n ulusal ve uluslararas\u0131 seviyede ses getirecek sporcular yeti\u015ftirmek oldu\u011funu belirten Antren\u00f6r Hamza Yeter, &#8220;9 ayd\u0131r \u00e7al\u0131\u015f\u0131yoruz. Ra\u011fbet \u00e7ok fazla. Salonlara s\u0131\u011fm\u0131yoruz&#8221; dedi.<br \/>\n<br \/>Karma D\u00f6v\u00fc\u015f Sanatlar\u0131 olarak bilinen MMA sporuna Manisa\u2019da ilgi \u00e7\u0131\u011f gibi b\u00fcy\u00fcyor. Spor tutkunlar\u0131n\u0131n ra\u011fbet g\u00f6sterdi\u011fi MMA kurslar\u0131, hem gen\u00e7lerin hem de kad\u0131nlar\u0131n k\u0131sa s\u00fcrede favorisi haline geldi. Konuya ili\u015fkin a\u00e7\u0131klamada bulunan MMA Antren\u00f6r\u00fc Hamza Yeter, 9 ay \u00f6nce ilk kez ba\u015flatt\u0131klar\u0131 kurslarda \u00f6nemli mesafeler kat ettiklerini s\u00f6yledi. MMA\u2019in insan\u0131n do\u011fas\u0131nda olan, kick boks, muay thai, boks, g\u00fcre\u015f ve judo gibi birden fazla bran\u015f\u0131 i\u00e7inde bar\u0131nd\u0131ran komple bir spor oldu\u011funu belirten Yeter, bu bran\u015fta alt\u0131n kemer ve madalyalar alabilecek yetenekler yeti\u015ftirmek istediklerini kaydetti. Hamza Yeter kursiyer say\u0131s\u0131n\u0131n g\u00fcnden g\u00fcne artt\u0131\u011f\u0131n\u0131, taleplere ise yeti\u015femediklerini ifade ederek \u015f\u00f6yle konu\u015ftu: &#8220;Manisa Gen\u00e7lik ve Spor \u0130l M\u00fcd\u00fcr\u00fcm\u00fcz Yunus \u00d6zt\u00fcrk\u2019\u00fcn destekleriyle salonumuzu Atat\u00fcrk Olimpik Spor Kompleksi\u2019nde ayarlayabildik. Daha \u00f6nce 15 y\u0131ld\u0131r bireysel olarak MMA antren\u00f6rl\u00fc\u011f\u00fc yap\u0131yordum. Art\u0131k il m\u00fcd\u00fcrl\u00fc\u011f\u00fcm\u00fcz\u00fcn himayesinde a\u00e7t\u0131\u011f\u0131m\u0131z kurslarla tak\u0131m olma yolunda ilerliyoruz. MMA son 5-6 y\u0131ld\u0131r \u00fclkemizde pop\u00fclerle\u015fmeye ba\u015flad\u0131. Bu spora ilgi \u00e7ok fazla. Biz de bu i\u015fe el att\u0131k. Dokundu\u011fumuz yerden ses gelmeye ba\u015flad\u0131. \u015eu anda lisansl\u0131 olarak 25 sporcumuz var. Say\u0131m\u0131z art\u0131yor. Salonumuz art\u0131k dar gelmeye ba\u015flad\u0131. \u0130lerde daha b\u00fcy\u00fck salona ge\u00e7me umudumuz var.&#8221;<br \/>\n<br \/>Federasyonunun \u00f6zerk olmak i\u00e7in \u00e7al\u0131\u015fmalar\u0131n\u0131 s\u00fcrd\u00fcrd\u00fc\u011f\u00fcn\u00fc s\u00f6yleyen Yeter, &#8220;\u015eu anda federasyonumuz, Kick Boks Federasyonu\u2019nun alt federasyonu olarak yer al\u0131yor. Federasyon Ba\u015fkan\u0131m\u0131z Ali Ar\u0131k\u2019\u0131n MMA\u2019in hem tan\u0131t\u0131m\u0131 hem geli\u015fimi anlam\u0131nda iyi \u00e7al\u0131\u015fmalar\u0131 var. T\u00fcrkiye\u2019nin her yerinde organizasyonlar d\u00fczenleniyor. Bu sporun i\u00e7inde her \u015fey var. Federasyonumuzun ad\u0131 zaten Kar\u0131\u015f\u0131k D\u00f6v\u00fc\u015f Sanatlar\u0131 diye ge\u00e7iyor. En k\u0131sa zamanda \u00f6zerkli\u011fimizi alaca\u011f\u0131m\u0131za inan\u0131yoruz&#8221; diye konu\u015ftu.<br \/>\n<br \/>Vatanda\u015flar\u0131 MMA kurslar\u0131na beklediklerini ifade eden Yeter, &#8220;Baz\u0131 kesimlerce, MMA\u2019ye y\u00f6nelik \u2019\u00e7ok tehlikeli spor alg\u0131s\u0131\u2019 olabilir. Sporun do\u011fas\u0131nda tehlikeli durumlar elbette olabiliyor. Futbol oynuyorsunuz ayaklar\u0131n\u0131z sakatlanabiliyor, voleybol oynuyorsunuz eliniz sakatlanabiliyor. Ama her insan\u0131n kendini savunma hakk\u0131 var. Halk aras\u0131nda kafes d\u00f6v\u00fc\u015f\u00fc denince akla tehlikeli \u015feyler gelebilir ama i\u00e7ine girip bu sporu tan\u0131d\u0131\u011f\u0131n\u0131zda \u00e7ok seveceksiniz. MMA kendi i\u00e7inde 4\u2019e ayr\u0131l\u0131yor. Grappling dedi\u011fimiz vuru\u015fu olmayan, elbisesiz g\u00fcre\u015f ve judoya benzeyen bir stil var. Light kategorisinde kafaya ve yerde vuru\u015f yapmak yasak. Daha \u00fcst seviyeler i\u00e7in \u2019Full ve Elit\u2019 diye ayr\u0131lan kategorilerimiz var. Yani kademe kademe yap\u0131labilir. MMA zor ama yapmas\u0131 \u00e7ok keyifli. Her mesafeden sald\u0131r\u0131 ve defans var. \u0130nsan\u0131n do\u011fas\u0131nda olan bir spor. Vatanda\u015flar\u0131m\u0131z\u0131 deneme derslerine bekliyoruz. Buyursunlar gelsinler, sporumuzla tan\u0131\u015fs\u0131nlar. Herkesin be\u011fenece\u011fine inan\u0131yorum&#8221; dedi.<br \/>\n<br \/>K\u0131sa s\u00fcrede m\u00fcsab\u0131k sporcular yeti\u015ftirecek seviyeye ula\u015ft\u0131klar\u0131n\u0131 kaydeden Yeter, &#8220;28-31 A\u011fustos tarihlerinde Ankara Ke\u00e7i\u00f6ren\u2019de d\u00fczenlenecek T\u00fcrkiye MMA S\u00fcper Lig M\u00fcsabakalar\u0131\u2019na 9 sporcu ile kat\u0131laca\u011f\u0131z. Bu kat\u0131l\u0131m, Manisa tarihinde bir ilk olacak. Umutluyuz. Umar\u0131m Ankara\u2019dan ba\u015far\u0131yla d\u00f6ner ve \u015fehrimizi gururland\u0131r\u0131r\u0131z&#8221; ifadelerini kulland\u0131.<br \/>\n<br \/>Vatanda\u015flar ise kurslardan memnun olduklar\u0131n\u0131 belirterek, desteklerinden \u00f6t\u00fcr\u00fc Manisa Gen\u00e7lik ve Spor \u0130l M\u00fcd\u00fcr\u00fc Yunus \u00d6zt\u00fcrk\u2019e, Yunusemre Gen\u00e7lik ve Spor \u0130l\u00e7e M\u00fcd\u00fcr\u00fc Levent Tokay\u2019a ve MMA Federasyonu Ba\u015fkan\u0131 Ali Ar\u0131k\u2019a te\u015fekk\u00fcr etti.<br \/><\/p>\n","protected":false},"excerpt":{"rendered":"<p>Son y\u0131llarda d\u00fcnyada b\u00fcy\u00fck pop\u00fclariteye kavu\u015fan MMA (Karma D\u00f6v\u00fc\u015f Sanatlar\u0131) kurslar\u0131 Manisa\u2019da da yo\u011fun ilgiye sahne oluyor. Ama\u00e7lar\u0131n\u0131n ulusal ve uluslararas\u0131 seviyede ses getirecek sporcular yeti\u015ftirmek oldu\u011funu belirten Antren\u00f6r Hamza Yeter, &#8220;9 ayd\u0131r \u00e7al\u0131\u015f\u0131yoruz. Ra\u011fbet \u00e7ok fazla. Salonlara s\u0131\u011fm\u0131yoruz&#8221; dedi. Karma D\u00f6v\u00fc\u015f Sanatlar\u0131 olarak bilinen MMA sporuna Manisa\u2019da ilgi \u00e7\u0131\u011f gibi b\u00fcy\u00fcyor. Spor tutkunlar\u0131n\u0131n ra\u011fbet&#8230;<\/p>\n","protected":false},"author":1,"featured_media":49018,"comment_status":"open","ping_status":"open","sticky":false,"template":"","format":"standard","meta":{"_crdt_document":"","footnotes":""},"categories":[4],"tags":[],"class_list":["post-49017","post","type-post","status-publish","format-standard","has-post-thumbnail","hentry","category-spor"],"_links":{"self":[{"href":"https:\/\/www.egemtv.com\/index.php?rest_route=\/wp\/v2\/posts\/49017","targetHints":{"allow":["GET"]}}],"collection":[{"href":"https:\/\/www.egemtv.com\/index.php?rest_route=\/wp\/v2\/posts"}],"about":[{"href":"https:\/\/www.egemtv.com\/index.php?rest_route=\/wp\/v2\/types\/post"}],"author":[{"embeddable":true,"href":"https:\/\/www.egemtv.com\/index.php?rest_route=\/wp\/v2\/users\/1"}],"replies":[{"embeddable":true,"href":"https:\/\/www.egemtv.com\/index.php?rest_route=%2Fwp%2Fv2%2Fcomments&post=49017"}],"version-history":[{"count":1,"href":"https:\/\/www.egemtv.com\/index.php?rest_route=\/wp\/v2\/posts\/49017\/revisions"}],"predecessor-version":[{"id":49019,"href":"https:\/\/www.egemtv.com\/index.php?rest_route=\/wp\/v2\/posts\/49017\/revisions\/49019"}],"wp:featuredmedia":[{"embeddable":true,"href":"https:\/\/www.egemtv.com\/index.php?rest_route=\/wp\/v2\/media\/49018"}],"wp:attachment":[{"href":"https:\/\/www.egemtv.com\/index.php?rest_route=%2Fwp%2Fv2%2Fmedia&parent=49017"}],"wp:term":[{"taxonomy":"category","embeddable":true,"href":"https:\/\/www.egemtv.com\/index.php?rest_route=%2Fwp%2Fv2%2Fcategories&post=49017"},{"taxonomy":"post_tag","embeddable":true,"href":"https:\/\/www.egemtv.com\/index.php?rest_route=%2Fwp%2Fv2%2Ftags&post=49017"}],"curies":[{"name":"wp","href":"https:\/\/api.w.org\/{rel}","templated":true}]}}