{"id":49011,"date":"2025-08-15T15:14:50","date_gmt":"2025-08-15T12:14:50","guid":{"rendered":"https:\/\/www.egemtv.com\/?p=49011"},"modified":"2025-08-15T15:14:50","modified_gmt":"2025-08-15T12:14:50","slug":"yangindan-kurtarilan-kediye-itfaiye-ekiplerinden-kalp-masaji","status":"publish","type":"post","link":"https:\/\/www.egemtv.com\/?p=49011","title":{"rendered":"Yang\u0131ndan kurtar\u0131lan kediye itfaiye ekiplerinden kalp masaj\u0131"},"content":{"rendered":"<p>Manisa B\u00fcy\u00fck\u015fehir Belediyesi \u0130tfaiye Dairesi Ba\u015fkanl\u0131\u011f\u0131na ba\u011fl\u0131 ekipler m\u00fcdahale ettikleri yang\u0131n sonras\u0131 d\u00fckkan i\u00e7erisinde bayg\u0131n halde bulduklar\u0131 kediyi kalp masaj\u0131 yaparak hayata d\u00f6nd\u00fcrd\u00fc.<br \/>\n<br \/>Manisa\u2019n\u0131n \u015eehzadeler \u0130l\u00e7esi \u00c7ar\u015f\u0131 Mahallesi 1802 Sokakta depo olarak kullan\u0131lan batar kat\u0131nda yang\u0131n ihbar\u0131na giden Manisa B\u00fcy\u00fck\u015fehir Belediyesi \u0130tfaiye Daire Ba\u015fkanl\u0131\u011f\u0131na ba\u011fl\u0131 ekipler taraf\u0131ndan k\u0131sa s\u00fcrede yang\u0131n\u0131 kontrol alt\u0131na al\u0131p s\u00f6nd\u00fcrd\u00fc. \u0130tfaiye ekipleri taraf\u0131ndan depoda yap\u0131lan incelemede yerde bayg\u0131n olarak yatan kediyi fark ederek olay mahallinden \u00e7\u0131kard\u0131ktan sonra m\u00fcdahale ederek, yeniden hayata d\u00f6nd\u00fcrd\u00fcler.<br \/>\n<br \/>\u0130tfaiye olarak sadece insanlara de\u011fil t\u00fcm canl\u0131lar\u0131n hayat\u0131n\u0131 korumak amac\u0131yla g\u00f6revlerini yerine getirdiklerini belirten Manisa B\u00fcy\u00fck\u015fehir Belediyesi \u0130tfaiye Dairesi Ba\u015fkan\u0131 G\u00fcrhan \u0130nal, &#8220;\u015eehzadeler il\u00e7esi \u00c7ar\u015f\u0131 Mahallesi\u2019nde depo yang\u0131n\u0131 ihbar\u0131 gelmi\u015fti. Ekiplerimiz o yo\u011fun trafikte h\u0131zl\u0131 bir \u015fekilde ula\u015farak hemen m\u00fcdahalelerine ba\u015flad\u0131lar. Gittiklerinde vatanda\u015flara \u2019\u0130\u00e7eride bir canl\u0131 var m\u0131?\u2019 diye sorduklar\u0131nda \u2019Kedimiz i\u00e7eride\u2019 dendi. Tabii bizim arkada\u015flar insan ya da hayvan ay\u0131rt etmeden h\u0131zl\u0131ca girdiler. Kediyi arad\u0131lar ve buldular. Kedi o anda hareketsiz \u015fekilde yatmaktayd\u0131. Hemen arkada\u015flar\u0131m\u0131z kediyi kurtard\u0131ktan sonra d\u0131\u015far\u0131 uygun bir yere ald\u0131lar. Bir kalp masaj\u0131 yapt\u0131lar ve temiz hava solunum cihaz\u0131yla oksijen verdiler. Kedi kendine geldi. Sahibiyle de g\u00f6r\u00fc\u015ferek veteriner hekime b\u0131rak\u0131ld\u0131. Daha sonraki foto\u011fraflarda ve videolarda kedinin kendine geldi\u011fini g\u00f6rd\u00fck. Hepimiz \u00e7ok sevindik. Biz sadece insanlara de\u011fil b\u00fct\u00fcn canl\u0131lara elimizden geldi\u011fi kadar yard\u0131m ediyoruz. Kediler, k\u00f6pekler, kaplumba\u011falar ve bir \u00e7ok canl\u0131y\u0131 yang\u0131nlar\u0131n aras\u0131ndan \u00e7\u0131kar\u0131yoruz. En son Akhisar yang\u0131n\u0131nda 20\u2019ye yak\u0131n koyunu kurtarm\u0131\u015ft\u0131k. Orada da ekiplerimiz canla ba\u015fla canl\u0131lar ay\u0131rt etmeden elinden geleni yap\u0131yorlar&#8221; dedi.<br \/>\n<br \/>Veteriner hekime teslim edilen kedinin tedavisine devam edilirken sa\u011fl\u0131k durumunun iyi oldu\u011fu \u00f6\u011frenildi.<br \/><\/p>\n","protected":false},"excerpt":{"rendered":"<p>Manisa B\u00fcy\u00fck\u015fehir Belediyesi \u0130tfaiye Dairesi Ba\u015fkanl\u0131\u011f\u0131na ba\u011fl\u0131 ekipler m\u00fcdahale ettikleri yang\u0131n sonras\u0131 d\u00fckkan i\u00e7erisinde bayg\u0131n halde bulduklar\u0131 kediyi kalp masaj\u0131 yaparak hayata d\u00f6nd\u00fcrd\u00fc. Manisa\u2019n\u0131n \u015eehzadeler \u0130l\u00e7esi \u00c7ar\u015f\u0131 Mahallesi 1802 Sokakta depo olarak kullan\u0131lan batar kat\u0131nda yang\u0131n ihbar\u0131na giden Manisa B\u00fcy\u00fck\u015fehir Belediyesi \u0130tfaiye Daire Ba\u015fkanl\u0131\u011f\u0131na ba\u011fl\u0131 ekipler taraf\u0131ndan k\u0131sa s\u00fcrede yang\u0131n\u0131 kontrol alt\u0131na al\u0131p s\u00f6nd\u00fcrd\u00fc. \u0130tfaiye&#8230;<\/p>\n","protected":false},"author":1,"featured_media":49012,"comment_status":"open","ping_status":"open","sticky":false,"template":"","format":"standard","meta":{"_crdt_document":"","footnotes":""},"categories":[5],"tags":[],"class_list":["post-49011","post","type-post","status-publish","format-standard","has-post-thumbnail","hentry","category-asayis"],"_links":{"self":[{"href":"https:\/\/www.egemtv.com\/index.php?rest_route=\/wp\/v2\/posts\/49011","targetHints":{"allow":["GET"]}}],"collection":[{"href":"https:\/\/www.egemtv.com\/index.php?rest_route=\/wp\/v2\/posts"}],"about":[{"href":"https:\/\/www.egemtv.com\/index.php?rest_route=\/wp\/v2\/types\/post"}],"author":[{"embeddable":true,"href":"https:\/\/www.egemtv.com\/index.php?rest_route=\/wp\/v2\/users\/1"}],"replies":[{"embeddable":true,"href":"https:\/\/www.egemtv.com\/index.php?rest_route=%2Fwp%2Fv2%2Fcomments&post=49011"}],"version-history":[{"count":1,"href":"https:\/\/www.egemtv.com\/index.php?rest_route=\/wp\/v2\/posts\/49011\/revisions"}],"predecessor-version":[{"id":49013,"href":"https:\/\/www.egemtv.com\/index.php?rest_route=\/wp\/v2\/posts\/49011\/revisions\/49013"}],"wp:featuredmedia":[{"embeddable":true,"href":"https:\/\/www.egemtv.com\/index.php?rest_route=\/wp\/v2\/media\/49012"}],"wp:attachment":[{"href":"https:\/\/www.egemtv.com\/index.php?rest_route=%2Fwp%2Fv2%2Fmedia&parent=49011"}],"wp:term":[{"taxonomy":"category","embeddable":true,"href":"https:\/\/www.egemtv.com\/index.php?rest_route=%2Fwp%2Fv2%2Fcategories&post=49011"},{"taxonomy":"post_tag","embeddable":true,"href":"https:\/\/www.egemtv.com\/index.php?rest_route=%2Fwp%2Fv2%2Ftags&post=49011"}],"curies":[{"name":"wp","href":"https:\/\/api.w.org\/{rel}","templated":true}]}}