{"id":49008,"date":"2025-08-15T14:54:39","date_gmt":"2025-08-15T11:54:39","guid":{"rendered":"https:\/\/www.egemtv.com\/?p=49008"},"modified":"2025-08-15T14:54:40","modified_gmt":"2025-08-15T11:54:40","slug":"yarali-leylegin-imdadina-jandarma-yetisti","status":"publish","type":"post","link":"https:\/\/www.egemtv.com\/?p=49008","title":{"rendered":"Yaral\u0131 leyle\u011fin imdad\u0131na jandarma yeti\u015fti"},"content":{"rendered":"<p>DEN\u0130ZL\u0130 (\u0130HA) \u2013 U\u015fak\u2019ta tarla i\u00e7erinde yaral\u0131 ve u\u00e7amaz halde bulunan leylek, jandarma HAYD\u0130 Timi taraf\u0131ndan koruma alt\u0131na al\u0131nd\u0131.<\/p>\n<p>U\u015fak il merkezine ba\u011fl\u0131 Kalfa k\u00f6y\u00fcnde vatanda\u015flar taraf\u0131ndan tarla i\u00e7erisinde kanad\u0131ndan yaral\u0131 ve u\u00e7amaz halde buldu\u011fu leylek; \u0130l Jandarma Komutanl\u0131\u011f\u0131na ba\u011fl\u0131 \u00c7evre, Do\u011fa ve Hayvanlar\u0131 Koruma Tim Komutanl\u0131\u011f\u0131 (HAYD\u0130) Timi taraf\u0131ndan muhafaza alt\u0131na al\u0131nd\u0131.  HAYD\u0130 timi taraf\u0131ndan tedavisinin yap\u0131lmas\u0131n\u0131 i\u00e7in U\u015fak Do\u011fa Koruma ve Milli Parklar \u015eube M\u00fcd\u00fcrl\u00fc\u011f\u00fc ekiplerine teslim edilen leyle\u011fin, tedavisinin tamamlanmas\u0131na m\u00fcteakip tekrar do\u011faya b\u0131rak\u0131laca\u011f\u0131 \u00f6\u011frenildi.<br \/><\/p>\n","protected":false},"excerpt":{"rendered":"<p>DEN\u0130ZL\u0130 (\u0130HA) \u2013 U\u015fak\u2019ta tarla i\u00e7erinde yaral\u0131 ve u\u00e7amaz halde bulunan leylek, jandarma HAYD\u0130 Timi taraf\u0131ndan koruma alt\u0131na al\u0131nd\u0131. U\u015fak il merkezine ba\u011fl\u0131 Kalfa k\u00f6y\u00fcnde vatanda\u015flar taraf\u0131ndan tarla i\u00e7erisinde kanad\u0131ndan yaral\u0131 ve u\u00e7amaz halde buldu\u011fu leylek; \u0130l Jandarma Komutanl\u0131\u011f\u0131na ba\u011fl\u0131 \u00c7evre, Do\u011fa ve Hayvanlar\u0131 Koruma Tim Komutanl\u0131\u011f\u0131 (HAYD\u0130) Timi taraf\u0131ndan muhafaza alt\u0131na al\u0131nd\u0131. HAYD\u0130 timi&#8230;<\/p>\n","protected":false},"author":1,"featured_media":49009,"comment_status":"open","ping_status":"open","sticky":false,"template":"","format":"standard","meta":{"_crdt_document":"","footnotes":""},"categories":[1],"tags":[],"class_list":["post-49008","post","type-post","status-publish","format-standard","has-post-thumbnail","hentry","category-guncel"],"_links":{"self":[{"href":"https:\/\/www.egemtv.com\/index.php?rest_route=\/wp\/v2\/posts\/49008","targetHints":{"allow":["GET"]}}],"collection":[{"href":"https:\/\/www.egemtv.com\/index.php?rest_route=\/wp\/v2\/posts"}],"about":[{"href":"https:\/\/www.egemtv.com\/index.php?rest_route=\/wp\/v2\/types\/post"}],"author":[{"embeddable":true,"href":"https:\/\/www.egemtv.com\/index.php?rest_route=\/wp\/v2\/users\/1"}],"replies":[{"embeddable":true,"href":"https:\/\/www.egemtv.com\/index.php?rest_route=%2Fwp%2Fv2%2Fcomments&post=49008"}],"version-history":[{"count":1,"href":"https:\/\/www.egemtv.com\/index.php?rest_route=\/wp\/v2\/posts\/49008\/revisions"}],"predecessor-version":[{"id":49010,"href":"https:\/\/www.egemtv.com\/index.php?rest_route=\/wp\/v2\/posts\/49008\/revisions\/49010"}],"wp:featuredmedia":[{"embeddable":true,"href":"https:\/\/www.egemtv.com\/index.php?rest_route=\/wp\/v2\/media\/49009"}],"wp:attachment":[{"href":"https:\/\/www.egemtv.com\/index.php?rest_route=%2Fwp%2Fv2%2Fmedia&parent=49008"}],"wp:term":[{"taxonomy":"category","embeddable":true,"href":"https:\/\/www.egemtv.com\/index.php?rest_route=%2Fwp%2Fv2%2Fcategories&post=49008"},{"taxonomy":"post_tag","embeddable":true,"href":"https:\/\/www.egemtv.com\/index.php?rest_route=%2Fwp%2Fv2%2Ftags&post=49008"}],"curies":[{"name":"wp","href":"https:\/\/api.w.org\/{rel}","templated":true}]}}