{"id":49002,"date":"2025-08-15T14:34:55","date_gmt":"2025-08-15T11:34:55","guid":{"rendered":"https:\/\/www.egemtv.com\/?p=49002"},"modified":"2025-08-15T14:34:56","modified_gmt":"2025-08-15T11:34:56","slug":"muglada-candan-bagliyiz-kampanyasiyla-kan-bagisi-etkinligi-duzenlendi","status":"publish","type":"post","link":"https:\/\/www.egemtv.com\/?p=49002","title":{"rendered":"Mu\u011fla\u2019da &#8220;Candan Ba\u011fl\u0131y\u0131z&#8221; kampanyas\u0131yla kan ba\u011f\u0131\u015f\u0131 etkinli\u011fi d\u00fczenlendi"},"content":{"rendered":"<p>Mu\u011fla Valili\u011fi ile Mu\u011fla \u0130l Afet ve Acil Durum M\u00fcd\u00fcrl\u00fc\u011f\u00fc (AFAD) i\u015f birli\u011finde, T\u00fcrk K\u0131z\u0131lay\u2019\u0131n\u0131n deste\u011fiyle &#8220;Candan Ba\u011fl\u0131y\u0131z, Mu\u011fla Sen de Kan Ba\u011f\u0131\u015f\u00e7\u0131m\u0131z Ol&#8221; slogan\u0131yla kan ba\u011f\u0131\u015f\u0131 etkinli\u011fi ger\u00e7ekle\u015ftirildi.<\/p>\n<p>Valilik \u00f6n\u00fcnde kurulan stantlarda kamu kurumlar\u0131, sivil toplum kurulu\u015flar\u0131 ve vatanda\u015flar kan ba\u011f\u0131\u015f\u0131na yo\u011fun ilgi g\u00f6sterdi. Kampanya, hem kan ihtiyac\u0131na dikkat \u00e7ekmek hem de d\u00fczenli ba\u011f\u0131\u015f k\u00fclt\u00fcr\u00fcn\u00fc yayg\u0131nla\u015ft\u0131rmak amac\u0131yla d\u00fczenlendi. T\u00fcrk K\u0131z\u0131lay Kan Hizmetleri Mu\u011fla \u0130l Sorumlusu Adem Sali, etkinlikte yapt\u0131\u011f\u0131 a\u00e7\u0131klamada, kentteki kan ihtiyac\u0131n\u0131n kar\u015f\u0131lanmas\u0131 i\u00e7in yo\u011fun \u015fekilde \u00e7al\u0131\u015ft\u0131klar\u0131n\u0131 belirtti. Sali, &#8220;Mu\u011fla ili olarak, 20\u2019yi a\u015fk\u0131n hastanenin kan ihtiyac\u0131n\u0131 kar\u015f\u0131lamak i\u00e7in t\u00fcm kan ba\u011f\u0131\u015f\u0131 kurulu\u015flar\u0131yla aral\u0131ks\u0131z \u00e7al\u0131\u015f\u0131yoruz. Kan ba\u011f\u0131\u015f\u0131, ba\u015f\u0131m\u0131za gelmeden \u00f6nemini tam olarak anlayamad\u0131\u011f\u0131m\u0131z bir konu. 18-60 ya\u015f aras\u0131ndaki her sa\u011fl\u0131kl\u0131 birey; erkekler i\u00e7in 3 ayda bir, kad\u0131nlar i\u00e7in 4 ayda bir kan ba\u011f\u0131\u015f\u0131 yapabilir. Sadece 15 dakikam\u0131z\u0131 ay\u0131rarak tan\u0131mad\u0131\u011f\u0131m\u0131z 3 ki\u015fiye hayat verebiliriz&#8221; dedi.<\/p>\n<p>Sali, Mu\u011fla Valili\u011fi himayesinde ger\u00e7ekle\u015ftirilen etkinli\u011fin, di\u011fer kurumlara da \u00f6rnek olaca\u011f\u0131n\u0131 ifade ederek, &#8220;G\u00fcnl\u00fck 200\u2019\u00fcn \u00fczerinde kan ba\u011f\u0131\u015f\u0131 hedefimiz var. Bug\u00fcn ak\u015fam saat 18.00\u2019e kadar ba\u011f\u0131\u015f kabul edece\u011fiz. T\u00fcm vatanda\u015flar\u0131m\u0131z\u0131 kan ba\u011f\u0131\u015f\u0131na davet ediyoruz&#8221; diye konu\u015ftu.<br \/><\/p>\n","protected":false},"excerpt":{"rendered":"<p>Mu\u011fla Valili\u011fi ile Mu\u011fla \u0130l Afet ve Acil Durum M\u00fcd\u00fcrl\u00fc\u011f\u00fc (AFAD) i\u015f birli\u011finde, T\u00fcrk K\u0131z\u0131lay\u2019\u0131n\u0131n deste\u011fiyle &#8220;Candan Ba\u011fl\u0131y\u0131z, Mu\u011fla Sen de Kan Ba\u011f\u0131\u015f\u00e7\u0131m\u0131z Ol&#8221; slogan\u0131yla kan ba\u011f\u0131\u015f\u0131 etkinli\u011fi ger\u00e7ekle\u015ftirildi. Valilik \u00f6n\u00fcnde kurulan stantlarda kamu kurumlar\u0131, sivil toplum kurulu\u015flar\u0131 ve vatanda\u015flar kan ba\u011f\u0131\u015f\u0131na yo\u011fun ilgi g\u00f6sterdi. Kampanya, hem kan ihtiyac\u0131na dikkat \u00e7ekmek hem de d\u00fczenli ba\u011f\u0131\u015f&#8230;<\/p>\n","protected":false},"author":1,"featured_media":49003,"comment_status":"open","ping_status":"open","sticky":false,"template":"","format":"standard","meta":{"_crdt_document":"","footnotes":""},"categories":[1],"tags":[],"class_list":["post-49002","post","type-post","status-publish","format-standard","has-post-thumbnail","hentry","category-guncel"],"_links":{"self":[{"href":"https:\/\/www.egemtv.com\/index.php?rest_route=\/wp\/v2\/posts\/49002","targetHints":{"allow":["GET"]}}],"collection":[{"href":"https:\/\/www.egemtv.com\/index.php?rest_route=\/wp\/v2\/posts"}],"about":[{"href":"https:\/\/www.egemtv.com\/index.php?rest_route=\/wp\/v2\/types\/post"}],"author":[{"embeddable":true,"href":"https:\/\/www.egemtv.com\/index.php?rest_route=\/wp\/v2\/users\/1"}],"replies":[{"embeddable":true,"href":"https:\/\/www.egemtv.com\/index.php?rest_route=%2Fwp%2Fv2%2Fcomments&post=49002"}],"version-history":[{"count":1,"href":"https:\/\/www.egemtv.com\/index.php?rest_route=\/wp\/v2\/posts\/49002\/revisions"}],"predecessor-version":[{"id":49004,"href":"https:\/\/www.egemtv.com\/index.php?rest_route=\/wp\/v2\/posts\/49002\/revisions\/49004"}],"wp:featuredmedia":[{"embeddable":true,"href":"https:\/\/www.egemtv.com\/index.php?rest_route=\/wp\/v2\/media\/49003"}],"wp:attachment":[{"href":"https:\/\/www.egemtv.com\/index.php?rest_route=%2Fwp%2Fv2%2Fmedia&parent=49002"}],"wp:term":[{"taxonomy":"category","embeddable":true,"href":"https:\/\/www.egemtv.com\/index.php?rest_route=%2Fwp%2Fv2%2Fcategories&post=49002"},{"taxonomy":"post_tag","embeddable":true,"href":"https:\/\/www.egemtv.com\/index.php?rest_route=%2Fwp%2Fv2%2Ftags&post=49002"}],"curies":[{"name":"wp","href":"https:\/\/api.w.org\/{rel}","templated":true}]}}