{"id":48999,"date":"2025-08-15T14:15:16","date_gmt":"2025-08-15T11:15:16","guid":{"rendered":"https:\/\/www.egemtv.com\/?p=48999"},"modified":"2025-08-15T14:15:17","modified_gmt":"2025-08-15T11:15:17","slug":"folkarttan-94uncu-iefte-iki-onemli-sergi","status":"publish","type":"post","link":"https:\/\/www.egemtv.com\/?p=48999","title":{"rendered":"Folkart\u2019tan 94\u2019\u00fcnc\u00fc \u0130EF\u2019te iki \u00f6nemli sergi"},"content":{"rendered":"<p>\u0130zmir B\u00fcy\u00fck\u015fehir Belediyesi ev sahipli\u011finde ve Folkart i\u015f \u00f6nc\u00fcl\u00fc\u011f\u00fcnde, \u2018Ve Mavi G\u00f6zleri \u00c7akmak \u00c7akmakt\u0131-Mustafa Kemal Atat\u00fcrk\u2019 sergisi ile Refik Anadol\u2019un \u2018\u015eifan\u0131n Alg\u0131s\u0131 ve Makine R\u00fcyalar\u0131: Ege\u2019 sergisi 29 A\u011fustos\u2019tan itibaren \u0130EF\u2019te ziyaret\u00e7ilerle bulu\u015facak. Ve Mavi G\u00f6zleri \u00c7akmak \u00c7akmakt\u0131 sergisinde \u0130zmir Enternasyonal Fuar\u0131, Gazi Mustafa Kemal Atat\u00fcrk\u2019\u00fcn daha \u00f6nce hi\u00e7 sergilenmemi\u015f ki\u015fisel e\u015fyalar\u0131na ev sahipli\u011fi yapacak. Folkart Y\u00f6netim Kurulu Ba\u015fkan\u0131 Mesut Sancak, sergiye 400 bin ki\u015finin kat\u0131l\u0131m\u0131n\u0131 beklediklerini s\u00f6yledi.<\/p>\n<p>\u0130zmir B\u00fcy\u00fck\u015fehir Belediyesi ev sahipli\u011finde, Folkart i\u015f birli\u011fiyle d\u00fczenlenecek fuar, 29 A\u011fustos &#8211; 9 Eyl\u00fcl 2025 tarihleri aras\u0131nda K\u00fclt\u00fcrpark\u2019ta ticaret ve e\u011flencenin harmanland\u0131\u011f\u0131 bir k\u00fclt\u00fcr \u015f\u00f6lenine d\u00f6n\u00fc\u015fecek. Bu y\u0131l fuarda Atat\u00fcrk sergisinin yan\u0131 s\u0131ra, d\u00fcnyaca \u00fcnl\u00fc medya sanat\u00e7\u0131s\u0131 Refik Anadol\u2019un &#8220;\u015eifan\u0131n Alg\u0131s\u0131&#8221; ve &#8220;Makine R\u00fcyalar\u0131: Ege\u2019nin&#8221; sergileri de yer alacak. Sergilerin tan\u0131t\u0131m\u0131 Alsancak Tarihi Havagaz\u0131 Fabrikas\u0131\u2019nda ger\u00e7ekle\u015ftirildi. Toplant\u0131ya \u0130zmir B\u00fcy\u00fck\u015fehir Belediye Ba\u015fkan\u0131 Cemil Tugay ve Folkart Y\u00f6netim Kurulu Ba\u015fkan\u0131 Mesut Sancak kat\u0131ld\u0131. Ba\u015fkan Tugay, sergilere katk\u0131lar\u0131ndan dolay\u0131 Mesut Sancak\u2019a te\u015fekk\u00fcr ederek, &#8220;Refik Anadol d\u00fcnyan\u0131n \u00f6zel sanat\u00e7\u0131lar\u0131ndan biri. Daha \u00f6nce T\u00fcrkiye\u2019de yapt\u0131\u011f\u0131 birka\u00e7 sergisine yo\u011fun ilgi oldu ancak \u0130zmir\u2019de ilk kez bir eseri sergilenecek. Bu fuar ve sergiler, \u0130zmir\u2019in k\u00fclt\u00fcr-sanat ya\u015fam\u0131na \u00e7ok yak\u0131\u015facak&#8221; dedi.<\/p>\n<p>&#8220;400 bin konut satmaktan daha iyi&#8221;<br \/>\n<br \/>Program\u0131n a\u00e7\u0131l\u0131\u015f konu\u015fmas\u0131n\u0131 yapan Folkart Y\u00f6netim Kurulu Ba\u015fkan\u0131 Mesut Sancak, &#8220;Folkart olarak sanata katk\u0131y\u0131 ve gelece\u011fe yat\u0131r\u0131m\u0131 s\u00fcrd\u00fcr\u00fcyoruz. Sanat\u0131 herkes i\u00e7in ula\u015f\u0131labilir k\u0131lmak amac\u0131yla say\u0131s\u0131z sergiye imza att\u0131k. Bu y\u0131l da iki sergiyi \u0130zBB ile i\u015f birli\u011fi yaparak sanatseverlere sunmaktan gurur duyuyoruz. Atlas Pavyonu\u2019nda ilk kez d\u00fczenlenecek sergimiz 406 \u00f6nemli eser ve 300\u2019e yak\u0131n benzersiz foto\u011fraf ile Atat\u00fcrk\u2019\u00fcn kurtulu\u015f yolculu\u011funu g\u00f6zler \u00f6n\u00fcne seriyor. 400 bin ziyaret\u00e7i hedefliyoruz. Benim i\u00e7in 400 bin konut satmaktan daha iyi bir i\u015f&#8221; ifadelerini kulland\u0131.<\/p>\n<p>&#8220;Atat\u00fcrk\u2019\u00fcn yapt\u0131klar\u0131 bize ilham veriyor&#8221;<br \/>\n<br \/>Ba\u015fkan Tugay ise konu\u015fmas\u0131nda, Atat\u00fcrk sergisinin b\u00fcy\u00fck ilgi g\u00f6rece\u011fini belirterek, &#8220;Atat\u00fcrk, cumhuriyetimizin kurucusu, insan haklar\u0131n\u0131n ve vatanda\u015f haklar\u0131n\u0131n sa\u011flay\u0131c\u0131s\u0131 olarak her zaman sayg\u0131 ve minnetle hat\u0131rlad\u0131\u011f\u0131m\u0131z bir lider. T\u00fcrk milletinin ba\u011f\u0131ms\u0131zl\u0131\u011f\u0131 ve \u00f6zg\u00fcrl\u00fc\u011f\u00fc i\u00e7in en \u00e7ok fedakarl\u0131k yapan ki\u015fidir. Ondan daha y\u00fcksek mertebede bir vatansever oldu\u011funu d\u00fc\u015f\u00fcnm\u00fcyorum. Yapt\u0131klar\u0131 bize her zaman ilham ve g\u00fc\u00e7 veriyor&#8221; dedi.<\/p>\n<p>Refik Anadol\u2019dan \u0130zmir\u2019e \u00f6zel eserler<br \/>\n<br \/>Refik Anadol\u2019un sergisine de de\u011finen Tugay, &#8220;Verileri bir boya gibi, algoritmay\u0131 bir f\u0131r\u00e7a gibi kullanmak ola\u011fan\u00fcst\u00fc bir bak\u0131\u015f a\u00e7\u0131s\u0131. \u0130zmir\u2019de sergilenmesi, gen\u00e7 sanat\u00e7\u0131lar\u0131m\u0131z i\u00e7in de ilham kayna\u011f\u0131 olacak&#8221; dedi.<\/p>\n<p>Canl\u0131 yay\u0131nla toplant\u0131ya ba\u011flanan Refik Anadol ise sergiler i\u00e7in heyecanl\u0131 oldu\u011funu belirterek, &#8220;En iyi fikirlerimizi T\u00fcrkiye\u2019ye getirmeye \u00f6zen g\u00f6steriyorum. \u0130nsan ve makine aras\u0131ndaki ili\u015fkinin de\u011fi\u015fti\u011fi bir d\u00f6nemde bu sergiyi yapmak \u00e7ok anlaml\u0131. Serginin \u0130zmir\u2019de olmas\u0131 benim i\u00e7in \u00e7ok g\u00fczel&#8221; ifadelerini kulland\u0131.<\/p>\n<p>Sergiler fuardan sonra da devam edecek<br \/>\n<br \/>\u00d6te yandan, sergiler, fuar\u0131n kapanmas\u0131n\u0131n ard\u0131ndan da ziyaret edilebilecek. \u2018Ve Mavi G\u00f6zleri \u00c7akmak \u00c7akmakt\u0131 &#8211; Mustafa Kemal Atat\u00fcrk\u2019 sergisi 29 A\u011fustos &#8211; 21 Aral\u0131k, \u2018\u015eifan\u0131n Alg\u0131s\u0131 ve Makine R\u00fcyalar\u0131: Ege\u2019 sergisi ise 29 A\u011fustos &#8211; 30 Eyl\u00fcl tarihleri aras\u0131nda ziyarete a\u00e7\u0131k olacak.<br \/><\/p>\n","protected":false},"excerpt":{"rendered":"<p>\u0130zmir B\u00fcy\u00fck\u015fehir Belediyesi ev sahipli\u011finde ve Folkart i\u015f \u00f6nc\u00fcl\u00fc\u011f\u00fcnde, \u2018Ve Mavi G\u00f6zleri \u00c7akmak \u00c7akmakt\u0131-Mustafa Kemal Atat\u00fcrk\u2019 sergisi ile Refik Anadol\u2019un \u2018\u015eifan\u0131n Alg\u0131s\u0131 ve Makine R\u00fcyalar\u0131: Ege\u2019 sergisi 29 A\u011fustos\u2019tan itibaren \u0130EF\u2019te ziyaret\u00e7ilerle bulu\u015facak. Ve Mavi G\u00f6zleri \u00c7akmak \u00c7akmakt\u0131 sergisinde \u0130zmir Enternasyonal Fuar\u0131, Gazi Mustafa Kemal Atat\u00fcrk\u2019\u00fcn daha \u00f6nce hi\u00e7 sergilenmemi\u015f ki\u015fisel e\u015fyalar\u0131na ev sahipli\u011fi yapacak&#8230;.<\/p>\n","protected":false},"author":1,"featured_media":49000,"comment_status":"open","ping_status":"open","sticky":false,"template":"","format":"standard","meta":{"_crdt_document":"","footnotes":""},"categories":[1],"tags":[],"class_list":["post-48999","post","type-post","status-publish","format-standard","has-post-thumbnail","hentry","category-guncel"],"_links":{"self":[{"href":"https:\/\/www.egemtv.com\/index.php?rest_route=\/wp\/v2\/posts\/48999","targetHints":{"allow":["GET"]}}],"collection":[{"href":"https:\/\/www.egemtv.com\/index.php?rest_route=\/wp\/v2\/posts"}],"about":[{"href":"https:\/\/www.egemtv.com\/index.php?rest_route=\/wp\/v2\/types\/post"}],"author":[{"embeddable":true,"href":"https:\/\/www.egemtv.com\/index.php?rest_route=\/wp\/v2\/users\/1"}],"replies":[{"embeddable":true,"href":"https:\/\/www.egemtv.com\/index.php?rest_route=%2Fwp%2Fv2%2Fcomments&post=48999"}],"version-history":[{"count":1,"href":"https:\/\/www.egemtv.com\/index.php?rest_route=\/wp\/v2\/posts\/48999\/revisions"}],"predecessor-version":[{"id":49001,"href":"https:\/\/www.egemtv.com\/index.php?rest_route=\/wp\/v2\/posts\/48999\/revisions\/49001"}],"wp:featuredmedia":[{"embeddable":true,"href":"https:\/\/www.egemtv.com\/index.php?rest_route=\/wp\/v2\/media\/49000"}],"wp:attachment":[{"href":"https:\/\/www.egemtv.com\/index.php?rest_route=%2Fwp%2Fv2%2Fmedia&parent=48999"}],"wp:term":[{"taxonomy":"category","embeddable":true,"href":"https:\/\/www.egemtv.com\/index.php?rest_route=%2Fwp%2Fv2%2Fcategories&post=48999"},{"taxonomy":"post_tag","embeddable":true,"href":"https:\/\/www.egemtv.com\/index.php?rest_route=%2Fwp%2Fv2%2Ftags&post=48999"}],"curies":[{"name":"wp","href":"https:\/\/api.w.org\/{rel}","templated":true}]}}