{"id":48996,"date":"2025-08-15T13:55:54","date_gmt":"2025-08-15T10:55:54","guid":{"rendered":"https:\/\/www.egemtv.com\/?p=48996"},"modified":"2025-08-15T13:55:55","modified_gmt":"2025-08-15T10:55:55","slug":"tellere-takilan-guvercin-imdadina-muhtar-yetisti","status":"publish","type":"post","link":"https:\/\/www.egemtv.com\/?p=48996","title":{"rendered":"Tellere tak\u0131lan g\u00fcvercin imdad\u0131na muhtar yeti\u015fti"},"content":{"rendered":"<p>Denizli\u2019nin Pamukkale il\u00e7esi Kay\u0131han Mahalle Muhtar\u0131 Sad\u0131k \u00d6tk\u00fcn, o\u011flunu okula g\u00f6t\u00fcr\u00fcrken tellere tak\u0131lan iki g\u00fcvercini fark ederek kurtard\u0131. Ayaklar\u0131ndaki klipsler nedeniyle tellere tak\u0131ld\u0131\u011f\u0131n\u0131 belirten Muhtar \u00d6tk\u00fcn, &#8220;G\u00fcvercinlerin ayaklar\u0131nda bulunan klipsleri \u00e7\u0131kararak \u00f6zg\u00fcrl\u00fcklerine kavu\u015fturduk. Bu sayede biz de mutlu olduk&#8221; dedi.<\/p>\n<p>Denizli\u2019nin Pamukkale il\u00e7esi Kay\u0131han Mahalle Muhtar\u0131 Sad\u0131k \u00d6tk\u00fcn, sabah saatlerinde o\u011flunu okula b\u0131rakmak i\u00e7in ara\u00e7la ilerlerken tele tak\u0131lm\u0131\u015f 2 g\u00fcvercin g\u00f6rd\u00fc. Durumu kontrol etmek i\u00e7in ara\u00e7la geri d\u00f6nen Muhtar \u00d6tk\u00fcn, yapt\u0131\u011f\u0131 incelemenin ard\u0131ndan 2 g\u00fcvercinin ayaklar\u0131nda bulunan klips y\u00fcz\u00fcnden tellere tak\u0131ld\u0131\u011f\u0131n\u0131 fark etti. Ard\u0131ndan g\u00fcvercinlerin aya\u011f\u0131nda bulunan klipsleri \u00e7\u0131kararak do\u011faya tekrar sald\u0131.<\/p>\n<p>&#8220;G\u00fcvercinleri kurtararak \u00f6zg\u00fcrl\u00fc\u011f\u00fcne kavu\u015ftular, bizde mutlu olduk&#8221;<br \/>\n<br \/>Ara\u00e7la giderken tellere tak\u0131lan 2 g\u00fcvercini kurtar\u0131p \u00f6zg\u00fcrl\u00fc\u011f\u00fcn\u00fc kavu\u015fturdu\u011funu belirten Kay\u0131han Mahalle Muhtar\u0131 Sad\u0131k \u00d6tk\u00fcn, &#8220;O\u011flumla birlikte okula gidiyorduk. Ara\u00e7la giderken son anda o\u011flum tele tak\u0131lm\u0131\u015f bir g\u00fcvercin g\u00f6rd\u00fc. \u0130lk ba\u015fta oraya konmu\u015f sand\u0131k ama \u00e7\u0131rp\u0131n\u0131yordu. Ard\u0131ndan ara\u00e7la geri d\u00f6nerek kontrol ettik. 2 tane g\u00fcvercin tele tak\u0131lm\u0131\u015ft\u0131. G\u00fcvercinler, aya\u011f\u0131ndaki klips y\u00fcz\u00fcnden tak\u0131lm\u0131\u015ft\u0131. Bizde g\u00fcvercinleri kurtarmak i\u00e7in klipslerini a\u00e7t\u0131k. Bu sayede g\u00fcvercin \u00f6zg\u00fcrl\u00fc\u011f\u00fcn\u00fc kavu\u015ftu, bizde mutlu olduk. Biz burada sadece insanlara hizmet etmiyoruz. Ayn\u0131 zamanda mahallemizdeki her t\u00fcrl\u00fc canl\u0131ya yard\u0131m etmeye \u00e7al\u0131\u015f\u0131yoruz&#8221; dedi.<br \/><\/p>\n","protected":false},"excerpt":{"rendered":"<p>Denizli\u2019nin Pamukkale il\u00e7esi Kay\u0131han Mahalle Muhtar\u0131 Sad\u0131k \u00d6tk\u00fcn, o\u011flunu okula g\u00f6t\u00fcr\u00fcrken tellere tak\u0131lan iki g\u00fcvercini fark ederek kurtard\u0131. Ayaklar\u0131ndaki klipsler nedeniyle tellere tak\u0131ld\u0131\u011f\u0131n\u0131 belirten Muhtar \u00d6tk\u00fcn, &#8220;G\u00fcvercinlerin ayaklar\u0131nda bulunan klipsleri \u00e7\u0131kararak \u00f6zg\u00fcrl\u00fcklerine kavu\u015fturduk. Bu sayede biz de mutlu olduk&#8221; dedi. Denizli\u2019nin Pamukkale il\u00e7esi Kay\u0131han Mahalle Muhtar\u0131 Sad\u0131k \u00d6tk\u00fcn, sabah saatlerinde o\u011flunu okula b\u0131rakmak i\u00e7in ara\u00e7la&#8230;<\/p>\n","protected":false},"author":1,"featured_media":48997,"comment_status":"open","ping_status":"open","sticky":false,"template":"","format":"standard","meta":{"_crdt_document":"","footnotes":""},"categories":[1],"tags":[],"class_list":["post-48996","post","type-post","status-publish","format-standard","has-post-thumbnail","hentry","category-guncel"],"_links":{"self":[{"href":"https:\/\/www.egemtv.com\/index.php?rest_route=\/wp\/v2\/posts\/48996","targetHints":{"allow":["GET"]}}],"collection":[{"href":"https:\/\/www.egemtv.com\/index.php?rest_route=\/wp\/v2\/posts"}],"about":[{"href":"https:\/\/www.egemtv.com\/index.php?rest_route=\/wp\/v2\/types\/post"}],"author":[{"embeddable":true,"href":"https:\/\/www.egemtv.com\/index.php?rest_route=\/wp\/v2\/users\/1"}],"replies":[{"embeddable":true,"href":"https:\/\/www.egemtv.com\/index.php?rest_route=%2Fwp%2Fv2%2Fcomments&post=48996"}],"version-history":[{"count":1,"href":"https:\/\/www.egemtv.com\/index.php?rest_route=\/wp\/v2\/posts\/48996\/revisions"}],"predecessor-version":[{"id":48998,"href":"https:\/\/www.egemtv.com\/index.php?rest_route=\/wp\/v2\/posts\/48996\/revisions\/48998"}],"wp:featuredmedia":[{"embeddable":true,"href":"https:\/\/www.egemtv.com\/index.php?rest_route=\/wp\/v2\/media\/48997"}],"wp:attachment":[{"href":"https:\/\/www.egemtv.com\/index.php?rest_route=%2Fwp%2Fv2%2Fmedia&parent=48996"}],"wp:term":[{"taxonomy":"category","embeddable":true,"href":"https:\/\/www.egemtv.com\/index.php?rest_route=%2Fwp%2Fv2%2Fcategories&post=48996"},{"taxonomy":"post_tag","embeddable":true,"href":"https:\/\/www.egemtv.com\/index.php?rest_route=%2Fwp%2Fv2%2Ftags&post=48996"}],"curies":[{"name":"wp","href":"https:\/\/api.w.org\/{rel}","templated":true}]}}