{"id":48993,"date":"2025-08-15T13:55:53","date_gmt":"2025-08-15T10:55:53","guid":{"rendered":"https:\/\/www.egemtv.com\/?p=48993"},"modified":"2025-08-15T13:55:54","modified_gmt":"2025-08-15T10:55:54","slug":"alasehirde-uyusturucu-tacirlerine-gecit-yok-2","status":"publish","type":"post","link":"https:\/\/www.egemtv.com\/?p=48993","title":{"rendered":"Ala\u015fehir\u2019de uyu\u015fturucu tacirlerine ge\u00e7it yok"},"content":{"rendered":"<p>Manisa\u2019n\u0131n Ala\u015fehir il\u00e7esinde Narkotik Su\u00e7larla M\u00fccadele Ala\u015fehir B\u00fcro Amirli\u011fi ekipleri taraf\u0131ndan d\u00fczenlenen operasyonda 12,55 gram metamfetamin ele ge\u00e7irilirken 1 ki\u015fi de \u00e7\u0131kar\u0131ld\u0131\u011f\u0131 mahkemece tutuklanarak cezaevine g\u00f6nderildi.<br \/>\n<br \/>Manisa\u2019n\u0131n Ala\u015fehir il\u00e7esinde Narkotik Su\u00e7larla M\u00fccadele Ala\u015fehir B\u00fcro Amirli\u011fi ekipleri taraf\u0131ndan uyu\u015fturucu operasyonu d\u00fczenlendi. Uyu\u015fturucu satt\u0131\u011f\u0131 belirlenen \u00d6.T.\u2019ye y\u00f6nelik operasyonda 12,55 gram metamfetamin maddesi ele ge\u00e7irilirken \u00d6.T. polis ekipleri taraf\u0131ndan g\u00f6zalt\u0131na al\u0131nd\u0131. Emniyetteki i\u015flemlerinin ard\u0131ndan adliyeye sevk edilen \u00d6.T. \u00e7\u0131kar\u0131ld\u0131\u011f\u0131 mahkemece tutuklanarak cezaevine g\u00f6nderildi.<br \/><\/p>\n","protected":false},"excerpt":{"rendered":"<p>Manisa\u2019n\u0131n Ala\u015fehir il\u00e7esinde Narkotik Su\u00e7larla M\u00fccadele Ala\u015fehir B\u00fcro Amirli\u011fi ekipleri taraf\u0131ndan d\u00fczenlenen operasyonda 12,55 gram metamfetamin ele ge\u00e7irilirken 1 ki\u015fi de \u00e7\u0131kar\u0131ld\u0131\u011f\u0131 mahkemece tutuklanarak cezaevine g\u00f6nderildi. Manisa\u2019n\u0131n Ala\u015fehir il\u00e7esinde Narkotik Su\u00e7larla M\u00fccadele Ala\u015fehir B\u00fcro Amirli\u011fi ekipleri taraf\u0131ndan uyu\u015fturucu operasyonu d\u00fczenlendi. Uyu\u015fturucu satt\u0131\u011f\u0131 belirlenen \u00d6.T.\u2019ye y\u00f6nelik operasyonda 12,55 gram metamfetamin maddesi ele ge\u00e7irilirken \u00d6.T. polis ekipleri&#8230;<\/p>\n","protected":false},"author":1,"featured_media":48994,"comment_status":"open","ping_status":"open","sticky":false,"template":"","format":"standard","meta":{"_crdt_document":"","footnotes":""},"categories":[5],"tags":[],"class_list":["post-48993","post","type-post","status-publish","format-standard","has-post-thumbnail","hentry","category-asayis"],"_links":{"self":[{"href":"https:\/\/www.egemtv.com\/index.php?rest_route=\/wp\/v2\/posts\/48993","targetHints":{"allow":["GET"]}}],"collection":[{"href":"https:\/\/www.egemtv.com\/index.php?rest_route=\/wp\/v2\/posts"}],"about":[{"href":"https:\/\/www.egemtv.com\/index.php?rest_route=\/wp\/v2\/types\/post"}],"author":[{"embeddable":true,"href":"https:\/\/www.egemtv.com\/index.php?rest_route=\/wp\/v2\/users\/1"}],"replies":[{"embeddable":true,"href":"https:\/\/www.egemtv.com\/index.php?rest_route=%2Fwp%2Fv2%2Fcomments&post=48993"}],"version-history":[{"count":1,"href":"https:\/\/www.egemtv.com\/index.php?rest_route=\/wp\/v2\/posts\/48993\/revisions"}],"predecessor-version":[{"id":48995,"href":"https:\/\/www.egemtv.com\/index.php?rest_route=\/wp\/v2\/posts\/48993\/revisions\/48995"}],"wp:featuredmedia":[{"embeddable":true,"href":"https:\/\/www.egemtv.com\/index.php?rest_route=\/wp\/v2\/media\/48994"}],"wp:attachment":[{"href":"https:\/\/www.egemtv.com\/index.php?rest_route=%2Fwp%2Fv2%2Fmedia&parent=48993"}],"wp:term":[{"taxonomy":"category","embeddable":true,"href":"https:\/\/www.egemtv.com\/index.php?rest_route=%2Fwp%2Fv2%2Fcategories&post=48993"},{"taxonomy":"post_tag","embeddable":true,"href":"https:\/\/www.egemtv.com\/index.php?rest_route=%2Fwp%2Fv2%2Ftags&post=48993"}],"curies":[{"name":"wp","href":"https:\/\/api.w.org\/{rel}","templated":true}]}}