{"id":48990,"date":"2025-08-15T13:55:52","date_gmt":"2025-08-15T10:55:52","guid":{"rendered":"https:\/\/www.egemtv.com\/?p=48990"},"modified":"2025-08-15T13:55:53","modified_gmt":"2025-08-15T10:55:53","slug":"burhan-eser-insallah-sivasspor-macindan-istedigimiz-sonucla-donecegiz","status":"publish","type":"post","link":"https:\/\/www.egemtv.com\/?p=48990","title":{"rendered":"Burhan E\u015fer: &#8220;\u0130n\u015fallah, Sivasspor ma\u00e7\u0131ndan istedi\u011fimiz sonu\u00e7la d\u00f6nece\u011fiz&#8221;"},"content":{"rendered":"<p>Bodrum FK Teknik Direkt\u00f6r\u00fc Burhan E\u015fer, &#8220;Sivasspor k\u00f6kl\u00fc bir camia, her zaman zor bir deplasmand\u0131r. Biz de iyi haz\u0131rlan\u0131yoruz, in\u015fallah istedi\u011fimiz sonu\u00e7la d\u00f6nece\u011fiz&#8221; dedi.<br \/>\n<br \/>Bodrum FK, Trendyol 1. Lig\u2019in 2. haftas\u0131nda deplasmanda Sivasspor ile kar\u015f\u0131 kar\u015f\u0131ya gelecek. Ligin ilk haftas\u0131nda sahas\u0131nda ald\u0131\u011f\u0131 beraberlik sonras\u0131 galibiyet aray\u0131\u015f\u0131nda olan ye\u015fil-beyazl\u0131lar, Yal\u0131\u00e7iftlik \u0130smail Alt\u0131nda\u011f Tesisleri\u2019nde Teknik Direkt\u00f6r Burhan E\u015fer y\u00f6netiminde haz\u0131rl\u0131klar\u0131n\u0131 tamamlad\u0131.<\/p>\n<p>&#8220;Sivasspor zor bir deplasman&#8221;<br \/>\n<br \/>Zorlu ma\u00e7 \u00f6ncesinde de\u011ferlendirmelerde bulunan Burhan E\u015fer, &#8220;Sivasspor k\u00f6kl\u00fc bir camia, her zaman zor bir deplasmand\u0131r. Orada uzun y\u0131llar bulundum, yak\u0131ndan tan\u0131yorum. Biz de iyi haz\u0131rlan\u0131yoruz, in\u015fallah istedi\u011fimiz sonu\u00e7la d\u00f6nece\u011fiz&#8221; dedi.<\/p>\n<p>&#8220;Her an her \u015fey olabilir&#8221;<br \/>\n<br \/>Transfer s\u00fcrecine de de\u011finen E\u015fer, &#8220;Ge\u00e7en hafta ald\u0131\u011f\u0131m\u0131z beraberlik bizim i\u00e7in 2 puan kay\u0131pt\u0131. Buna ra\u011fmen 4-5 net pozisyon bulduk, galibiyete yak\u0131nd\u0131k. Lig uzun bir maraton; oyuncular\u0131m\u0131n istek ve arzusu memnuniyet verici. Transfer d\u00f6nemi devam ediyor. Giden de olabilir gelen de. Her an her \u015fey olabilir. Pu\u015fca\u015f ve Okita bizimle \u00e7al\u0131\u015f\u0131yor ancak yabanc\u0131 kontenjan\u0131 nedeniyle g\u00f6r\u00fc\u015ft\u00fckleri kul\u00fcplerle anla\u015fmalar\u0131 halinde ayr\u0131labilirler&#8221; ifadelerini kulland\u0131.<\/p>\n<p>Enes \u00d6\u011fr\u00fcce: &#8220;Bu sene daha iddial\u0131y\u0131z&#8221;<br \/>\n<br \/>Ye\u015fil-beyazl\u0131 ekibin gen\u00e7 oyuncusu Enes \u00d6\u011fr\u00fcce ise hedeflerinin S\u00fcper Lig oldu\u011funu belirterek, &#8220;Ge\u00e7en sene belki istedi\u011fimiz yerde bitiremedik ama \u00e7ok \u015fey \u00f6\u011frendik. Bu sezon daha iddial\u0131y\u0131z, ait oldu\u011fumuz yere d\u00f6nmek istiyoruz. Sivasspor deplasman\u0131nda galibiyet al\u0131p lige g\u00fc\u00e7l\u00fc bir giri\u015f yapmak istiyoruz. Hocam \u015fans verirse sahada elimden gelenin en iyisini yapaca\u011f\u0131m&#8221; diye konu\u015ftu.<br \/><\/p>\n","protected":false},"excerpt":{"rendered":"<p>Bodrum FK Teknik Direkt\u00f6r\u00fc Burhan E\u015fer, &#8220;Sivasspor k\u00f6kl\u00fc bir camia, her zaman zor bir deplasmand\u0131r. Biz de iyi haz\u0131rlan\u0131yoruz, in\u015fallah istedi\u011fimiz sonu\u00e7la d\u00f6nece\u011fiz&#8221; dedi. Bodrum FK, Trendyol 1. Lig\u2019in 2. haftas\u0131nda deplasmanda Sivasspor ile kar\u015f\u0131 kar\u015f\u0131ya gelecek. Ligin ilk haftas\u0131nda sahas\u0131nda ald\u0131\u011f\u0131 beraberlik sonras\u0131 galibiyet aray\u0131\u015f\u0131nda olan ye\u015fil-beyazl\u0131lar, Yal\u0131\u00e7iftlik \u0130smail Alt\u0131nda\u011f Tesisleri\u2019nde Teknik Direkt\u00f6r Burhan&#8230;<\/p>\n","protected":false},"author":1,"featured_media":48991,"comment_status":"open","ping_status":"open","sticky":false,"template":"","format":"standard","meta":{"_crdt_document":"","footnotes":""},"categories":[4],"tags":[],"class_list":["post-48990","post","type-post","status-publish","format-standard","has-post-thumbnail","hentry","category-spor"],"_links":{"self":[{"href":"https:\/\/www.egemtv.com\/index.php?rest_route=\/wp\/v2\/posts\/48990","targetHints":{"allow":["GET"]}}],"collection":[{"href":"https:\/\/www.egemtv.com\/index.php?rest_route=\/wp\/v2\/posts"}],"about":[{"href":"https:\/\/www.egemtv.com\/index.php?rest_route=\/wp\/v2\/types\/post"}],"author":[{"embeddable":true,"href":"https:\/\/www.egemtv.com\/index.php?rest_route=\/wp\/v2\/users\/1"}],"replies":[{"embeddable":true,"href":"https:\/\/www.egemtv.com\/index.php?rest_route=%2Fwp%2Fv2%2Fcomments&post=48990"}],"version-history":[{"count":1,"href":"https:\/\/www.egemtv.com\/index.php?rest_route=\/wp\/v2\/posts\/48990\/revisions"}],"predecessor-version":[{"id":48992,"href":"https:\/\/www.egemtv.com\/index.php?rest_route=\/wp\/v2\/posts\/48990\/revisions\/48992"}],"wp:featuredmedia":[{"embeddable":true,"href":"https:\/\/www.egemtv.com\/index.php?rest_route=\/wp\/v2\/media\/48991"}],"wp:attachment":[{"href":"https:\/\/www.egemtv.com\/index.php?rest_route=%2Fwp%2Fv2%2Fmedia&parent=48990"}],"wp:term":[{"taxonomy":"category","embeddable":true,"href":"https:\/\/www.egemtv.com\/index.php?rest_route=%2Fwp%2Fv2%2Fcategories&post=48990"},{"taxonomy":"post_tag","embeddable":true,"href":"https:\/\/www.egemtv.com\/index.php?rest_route=%2Fwp%2Fv2%2Ftags&post=48990"}],"curies":[{"name":"wp","href":"https:\/\/api.w.org\/{rel}","templated":true}]}}