{"id":48984,"date":"2025-08-15T13:14:57","date_gmt":"2025-08-15T10:14:57","guid":{"rendered":"https:\/\/www.egemtv.com\/?p=48984"},"modified":"2025-08-15T13:14:58","modified_gmt":"2025-08-15T10:14:58","slug":"tavas-belediyesi-zeybek-kulturunu-gelecek-kusaklara-aktariyor","status":"publish","type":"post","link":"https:\/\/www.egemtv.com\/?p=48984","title":{"rendered":"Tavas Belediyesi Zeybek k\u00fclt\u00fcr\u00fcn\u00fc gelecek ku\u015faklara aktar\u0131yor"},"content":{"rendered":"<p>Tavas Belediyesi Taraf\u0131ndan 7\u2019incisi d\u00fczenlene Geleneksel Tavas Zeybek, K\u00fclt\u00fcr ve Sanat Festivali kortej y\u00fcr\u00fcy\u00fc\u015f\u00fc ve zeybek g\u00f6sterileriyle ba\u015flad\u0131. Tavas\u0131n k\u00fclt\u00fcrel \u00f6nemini vurgulayan Tavas Belediye Ba\u015fkan\u0131 Kadir Tat\u0131k, &#8220;Bu topraklarda dizler sadece selam i\u00e7in iner. Ba\u015flar sadece dua i\u00e7in e\u011filir. Bizim k\u00fclt\u00fcr\u00fcm\u00fcz mertli\u011fin, dostlu\u011fun ve  vefan\u0131n ad\u0131d\u0131r&#8221; dedi.<\/p>\n<p>Tavas Belediyesi taraf\u0131ndan, Tavas zeybe\u011finin tan\u0131t\u0131lmas\u0131, Tavas\u0131n k\u00fclt\u00fcr\u00fcn\u00fcn tan\u0131t\u0131lmas\u0131, ve vatanda\u015flar\u0131n birlik ve beraberlik i\u00e7inde e\u011flenmelerini sa\u011flamak a\u00e7\u0131yla d\u00fczenlenen Tavas Zeybek, K\u00fclt\u00fcr ve Sanat Festivali co\u015fkuyla ba\u015flad\u0131. Tavas Kaymakaml\u0131k binas\u0131 \u00f6n\u00fcnden ba\u015flayan kortej y\u00fcr\u00fcy\u00fc\u015f\u00fcn\u00fcn ard\u0131ndan Belediye Meydan\u0131nda ki Atat\u00fcrk An\u0131t\u0131na \u00e7elenk sunumuyla festival ba\u015flad\u0131. Festivalin ilk g\u00fcn\u00fc \u00e7evre il\u00e7elerin Belediye Ba\u015fkanlar\u0131n\u0131n da yo\u011fun ilgi g\u00f6sterdi\u011fi festivale Denizli Milletvekili Sema Silkin \u00dcn, Denizli B\u00fcy\u00fck\u015fehir Belediye Ba\u015fkan\u0131 B\u00fclent Nuri \u00c7avu\u015fo\u011flu, Tavas Belediye Ba\u015fkan\u0131 Kadir Tat\u0131k, Beya\u011fa\u00e7 Belediye Ba\u015fkan\u0131 Sezayi P\u00fct\u00fcn, Merkezefendi Belediye Ba\u015fkan\u0131 \u015eeniz Do\u011fan, Ac\u0131payam Belediye Ba\u015fkan\u0131 Levent Y\u0131ld\u0131r\u0131m, Buldan Belediye Ba\u015fkan\u0131 Mehmet Ali Orpak, \u00c7al Belediye Ba\u015fkan\u0131 Ahmet Hakan, \u00c7ivril Belediye Ba\u015fkan\u0131 Semih Dere, G\u00fcney Belediye Ba\u015fkan\u0131 Mehmet Ali Erayd\u0131n, Bozkurt Belediye Ba\u015fkan\u0131 Birsen \u00c7elik, il\u00e7e parti temsilcileri ve vatanda\u015flar kat\u0131ld\u0131.<\/p>\n<p>\u00c7elenk sunumunun ard\u0131ndan Tavas Ba\u011flar Mesireli\u011fi Amfi Tiyatrosu\u2019nda festival a\u00e7\u0131l\u0131\u015f konu\u015fmalar\u0131 ve zeybek g\u00f6sterileri sunuldu. Tavas Belediyespor\u2019un minik folklor ekibin haz\u0131rlam\u0131\u015f oldu\u011fu zeybek g\u00f6sterileri vatanda\u015flardan b\u00fcy\u00fck be\u011feni toplad\u0131.<\/p>\n<p>Festivalin a\u00e7\u0131l\u0131\u015f konu\u015fmas\u0131nda, Tavas efe k\u00fclt\u00fcr\u00fcn\u00fcn T\u00fcrkiye i\u00e7in gurur kayna\u011f\u0131 oldu\u011funu belirten Tavas Belediye Ba\u015fkan\u0131 Kadir Tat\u0131k, &#8220;Tavas\u2019ta yola \u00e7\u0131kt\u0131\u011f\u0131m\u0131zda, dostlu\u011fu, karde\u015fli\u011fi, insanl\u0131\u011f\u0131 ve ayr\u0131\u015ft\u0131rmamay\u0131 oda\u011f\u0131m\u0131za ald\u0131k ve bu do\u011frultuda bir bu\u00e7uk y\u0131l\u0131m\u0131z\u0131 geride b\u0131rakt\u0131k. \u0130nan\u0131yorum ki 1 y\u0131l \u00f6nceki festivalle bug\u00fcn ki festival aras\u0131nda da\u011flar kadar fark var. Vatanda\u015flar\u0131m\u0131z\u0131n art\u0131k Tavas Belediye Ba\u015fkan\u0131na bak\u0131\u015f a\u00e7\u0131s\u0131 de\u011fi\u015fti. G\u00fcveni daha da artt\u0131. G\u00f6k y\u00fcz\u00fcne kald\u0131r\u0131lm\u0131\u015f gururlu ba\u015flar\u0131n, diz vurup yeri titreten zeybeklerin g\u00fcn\u00fcndeyiz. Bu topraklar\u0131n kahramanl\u0131\u011f\u0131 destanlara s\u0131\u011fmayan efelerin yurdu. Bu topraklarda dizler sadece selam i\u00e7in iner. Ba\u015flar sadece dua i\u00e7in e\u011filir. Bizim k\u00fclt\u00fcr\u00fcm\u00fcz mertli\u011fin, dostlu\u011fun ve  vefan\u0131n ad\u0131d\u0131r. Tavas bereketli topraklar\u0131yla, \u00e7al\u0131\u015fkan insan\u0131yla, s\u0131ms\u0131cak y\u00fcre\u011fiyle bu \u00fclkenin gurur kayna\u011f\u0131d\u0131r. Bence Tavas sadece Denizli\u2019nin de\u011fil T\u00fcrkiye\u2019nin gurur kayna\u011f\u0131d\u0131r. Bug\u00fcn bu topraklardan sadece ekin de\u011fil, sevgi, karde\u015flik ve k\u00fclt\u00fcr filizleniyor. Bug\u00fcn sahnede sadece zeybek olmayacak. Tavas\u0131n tam kendisi olacak. Her ad\u0131m atalar\u0131m\u0131z\u0131n izidir. Her alk\u0131\u015f \u015fehirlerimize sayg\u0131d\u0131r. Her oyun bu topraklara olan ba\u011fl\u0131l\u0131\u011f\u0131m\u0131z\u0131n ni\u015fanesidir. Unutmay\u0131n, k\u00fclt\u00fcr\u00fcn\u00fc unutan haf\u0131zas\u0131n\u0131 kaybeder. Bizler ise k\u00fclt\u00fcr\u00fcm\u00fczle birlikte dimdik ayaktay\u0131z. Bu festival ge\u00e7mi\u015fi, gelece\u011fe ta\u015f\u0131yan k\u00f6pr\u00fcd\u00fcr. Bu k\u00f6pr\u00fcden \u00e7\u0131kan ses sadece Tavas\u2019ta de\u011fil T\u00fcrkiye\u2019nin d\u00f6rt bir yan\u0131nda yank\u0131lanacak. Bug\u00fcn burada e\u011flenece\u011fiz ama bu festival bir duru\u015ftur. Biz buraday\u0131z, biz var\u0131z, biz k\u00fclt\u00fcr\u00fcm\u00fczle, Tavas zeybe\u011fimizle gurur duyuyoruz deme g\u00fcn\u00fcd\u00fcr. Gelin hep birlikte, ge\u00e7mi\u015ften ald\u0131\u011f\u0131m\u0131z g\u00fc\u00e7le gelece\u011fe y\u00fcr\u00fcyelim. Bizim y\u00fcr\u00fcy\u00fc\u015f\u00fcm\u00fcz efe y\u00fcr\u00fcy\u00fc\u015f\u00fcd\u00fcr. A\u011f\u0131r ama dimdik. Vakur ama gururlu. Bizim oyunlar\u0131m\u0131z biter ama k\u00fclt\u00fcr\u00fcm\u00fcz\u00fcn nefesi hi\u00e7 bitmez. S\u00f6zlerime Gazi Mustafa Kemal Atat\u00fcrk\u2019\u00fcn \u2018Ne mutlu t\u00fcrk\u00fcm diyene\u2019 s\u00f6zleriyle noktal\u0131yor, sizleri sayg\u0131yla selaml\u0131yorum&#8221; ifadelerini kulland\u0131.<\/p>\n<p>Festivalin ilk g\u00fcn\u00fcn\u00fcn ak\u015fam\u0131nda Tavas\u2019\u0131n evlad\u0131 olan TRT sanat\u00e7\u0131s\u0131 Hasan Kavall\u0131, sahne al\u0131rken, Mehmet \u00c7\u00f6m, Halil \u0130brahim Akbunar, Emin Balo\u011flu, Alptu\u011f Toku\u00e7, Selim \u00d6zyol ve Yusuf T\u00fcrkeli\u2019nin solo zeybek g\u00f6sterimleri sahnelendi.<br \/>\n<br \/>3 g\u00fcn daha devam edecek olan festivalin 15 A\u011fustos Cuma 2\u2019inci g\u00fcn\u00fcnde \u0130rem Derici, 16 A\u011fustos Cumartesi 3\u2019\u00fcnc\u00fc g\u00fcn\u00fc Reynmen ve 17 A\u011fustos Pazar g\u00fcn\u00fc saat 17.00 da d\u00fczenlenecek olan en g\u00fczel ve lezzetli kavun ve koyun yo\u011furdu yar\u0131\u015fmas\u0131n\u0131n ard\u0131ndan ak\u015fam Koray Avc\u0131\u2019n\u0131n sahne almas\u0131yla son bulacak.<br \/><\/p>\n","protected":false},"excerpt":{"rendered":"<p>Tavas Belediyesi Taraf\u0131ndan 7\u2019incisi d\u00fczenlene Geleneksel Tavas Zeybek, K\u00fclt\u00fcr ve Sanat Festivali kortej y\u00fcr\u00fcy\u00fc\u015f\u00fc ve zeybek g\u00f6sterileriyle ba\u015flad\u0131. Tavas\u0131n k\u00fclt\u00fcrel \u00f6nemini vurgulayan Tavas Belediye Ba\u015fkan\u0131 Kadir Tat\u0131k, &#8220;Bu topraklarda dizler sadece selam i\u00e7in iner. Ba\u015flar sadece dua i\u00e7in e\u011filir. Bizim k\u00fclt\u00fcr\u00fcm\u00fcz mertli\u011fin, dostlu\u011fun ve vefan\u0131n ad\u0131d\u0131r&#8221; dedi. Tavas Belediyesi taraf\u0131ndan, Tavas zeybe\u011finin tan\u0131t\u0131lmas\u0131, Tavas\u0131n k\u00fclt\u00fcr\u00fcn\u00fcn&#8230;<\/p>\n","protected":false},"author":1,"featured_media":48985,"comment_status":"open","ping_status":"open","sticky":false,"template":"","format":"standard","meta":{"_crdt_document":"","footnotes":""},"categories":[1],"tags":[],"class_list":["post-48984","post","type-post","status-publish","format-standard","has-post-thumbnail","hentry","category-guncel"],"_links":{"self":[{"href":"https:\/\/www.egemtv.com\/index.php?rest_route=\/wp\/v2\/posts\/48984","targetHints":{"allow":["GET"]}}],"collection":[{"href":"https:\/\/www.egemtv.com\/index.php?rest_route=\/wp\/v2\/posts"}],"about":[{"href":"https:\/\/www.egemtv.com\/index.php?rest_route=\/wp\/v2\/types\/post"}],"author":[{"embeddable":true,"href":"https:\/\/www.egemtv.com\/index.php?rest_route=\/wp\/v2\/users\/1"}],"replies":[{"embeddable":true,"href":"https:\/\/www.egemtv.com\/index.php?rest_route=%2Fwp%2Fv2%2Fcomments&post=48984"}],"version-history":[{"count":1,"href":"https:\/\/www.egemtv.com\/index.php?rest_route=\/wp\/v2\/posts\/48984\/revisions"}],"predecessor-version":[{"id":48986,"href":"https:\/\/www.egemtv.com\/index.php?rest_route=\/wp\/v2\/posts\/48984\/revisions\/48986"}],"wp:featuredmedia":[{"embeddable":true,"href":"https:\/\/www.egemtv.com\/index.php?rest_route=\/wp\/v2\/media\/48985"}],"wp:attachment":[{"href":"https:\/\/www.egemtv.com\/index.php?rest_route=%2Fwp%2Fv2%2Fmedia&parent=48984"}],"wp:term":[{"taxonomy":"category","embeddable":true,"href":"https:\/\/www.egemtv.com\/index.php?rest_route=%2Fwp%2Fv2%2Fcategories&post=48984"},{"taxonomy":"post_tag","embeddable":true,"href":"https:\/\/www.egemtv.com\/index.php?rest_route=%2Fwp%2Fv2%2Ftags&post=48984"}],"curies":[{"name":"wp","href":"https:\/\/api.w.org\/{rel}","templated":true}]}}