{"id":48981,"date":"2025-08-15T13:14:56","date_gmt":"2025-08-15T10:14:56","guid":{"rendered":"https:\/\/www.egemtv.com\/?p=48981"},"modified":"2025-08-15T13:14:57","modified_gmt":"2025-08-15T10:14:57","slug":"yol-calismasi-nedeniyle-tek-seride-dusen-yolda-feci-kaza1-olu-6-yarali","status":"publish","type":"post","link":"https:\/\/www.egemtv.com\/?p=48981","title":{"rendered":"Yol \u00e7al\u0131\u015fmas\u0131 nedeniyle tek \u015feride d\u00fc\u015fen yolda feci kaza:1 \u00f6l\u00fc 6 yaral\u0131"},"content":{"rendered":"<p>Burdur\u2019da yol \u00e7al\u0131\u015fmas\u0131 nedeniyle tek \u015feride d\u00fc\u015fen yolda, iki arac\u0131n kafa kafaya \u00e7arp\u0131\u015fmas\u0131 sonucu ilk belirlemelere g\u00f6re 1 ki\u015fi hayat\u0131n\u0131 kaybetti, 2\u2019si a\u011f\u0131r 6 ki\u015fi yaraland\u0131.<br \/>\n<br \/>Kaza, 11.30 s\u0131ralar\u0131nda Burdur-Fethiye Karayolu Ku\u015f G\u00f6zlem Evi mevkiinde meydana geldi. Edinilen bilgiye g\u00f6re, karayollar\u0131 taraf\u0131ndan y\u00fcr\u00fct\u00fclen yol \u00e7al\u0131\u015fmalar\u0131 nedeniyle trafi\u011fin tek \u015feritten sa\u011fland\u0131\u011f\u0131 yolda, \u00f6n\u00fcndeki arac\u0131 sollamak isteyen 15 KG 825 plakal\u0131 transit, kar\u015f\u0131 \u015feritten gelen 15 NU 175 plakal\u0131 hafif ticari ara\u00e7la kafa kafaya \u00e7arp\u0131\u015ft\u0131. \u00c7arp\u0131\u015fman\u0131n etkisiyle her iki ara\u00e7ta da b\u00fcy\u00fck hasar olu\u015ftu. \u0130hbar \u00fczerine olay yerine sa\u011fl\u0131k, jandarma ve itfaiye ekipleri sevk edildi. \u0130lk belirlemelere g\u00f6re sa\u011fl\u0131k ekiplerinin ilk m\u00fcdahalesinde hafif ticari ara\u00e7ta bulunan ve hen\u00fcz ismi belirlenemeyen 1 ki\u015finin olay yerinde hayat\u0131n\u0131 kaybetti\u011fi, 6 ki\u015finin ise yaraland\u0131\u011f\u0131 belirlendi. Yaral\u0131lar ambulanslarla \u00e7evredeki hastanelere kald\u0131r\u0131l\u0131rken, kazayla ilgili soru\u015fturma ba\u015flat\u0131ld\u0131.<\/p>\n","protected":false},"excerpt":{"rendered":"<p>Burdur\u2019da yol \u00e7al\u0131\u015fmas\u0131 nedeniyle tek \u015feride d\u00fc\u015fen yolda, iki arac\u0131n kafa kafaya \u00e7arp\u0131\u015fmas\u0131 sonucu ilk belirlemelere g\u00f6re 1 ki\u015fi hayat\u0131n\u0131 kaybetti, 2\u2019si a\u011f\u0131r 6 ki\u015fi yaraland\u0131. Kaza, 11.30 s\u0131ralar\u0131nda Burdur-Fethiye Karayolu Ku\u015f G\u00f6zlem Evi mevkiinde meydana geldi. Edinilen bilgiye g\u00f6re, karayollar\u0131 taraf\u0131ndan y\u00fcr\u00fct\u00fclen yol \u00e7al\u0131\u015fmalar\u0131 nedeniyle trafi\u011fin tek \u015feritten sa\u011fland\u0131\u011f\u0131 yolda, \u00f6n\u00fcndeki arac\u0131 sollamak isteyen&#8230;<\/p>\n","protected":false},"author":1,"featured_media":48982,"comment_status":"open","ping_status":"open","sticky":false,"template":"","format":"standard","meta":{"_crdt_document":"","footnotes":""},"categories":[5],"tags":[],"class_list":["post-48981","post","type-post","status-publish","format-standard","has-post-thumbnail","hentry","category-asayis"],"_links":{"self":[{"href":"https:\/\/www.egemtv.com\/index.php?rest_route=\/wp\/v2\/posts\/48981","targetHints":{"allow":["GET"]}}],"collection":[{"href":"https:\/\/www.egemtv.com\/index.php?rest_route=\/wp\/v2\/posts"}],"about":[{"href":"https:\/\/www.egemtv.com\/index.php?rest_route=\/wp\/v2\/types\/post"}],"author":[{"embeddable":true,"href":"https:\/\/www.egemtv.com\/index.php?rest_route=\/wp\/v2\/users\/1"}],"replies":[{"embeddable":true,"href":"https:\/\/www.egemtv.com\/index.php?rest_route=%2Fwp%2Fv2%2Fcomments&post=48981"}],"version-history":[{"count":1,"href":"https:\/\/www.egemtv.com\/index.php?rest_route=\/wp\/v2\/posts\/48981\/revisions"}],"predecessor-version":[{"id":48983,"href":"https:\/\/www.egemtv.com\/index.php?rest_route=\/wp\/v2\/posts\/48981\/revisions\/48983"}],"wp:featuredmedia":[{"embeddable":true,"href":"https:\/\/www.egemtv.com\/index.php?rest_route=\/wp\/v2\/media\/48982"}],"wp:attachment":[{"href":"https:\/\/www.egemtv.com\/index.php?rest_route=%2Fwp%2Fv2%2Fmedia&parent=48981"}],"wp:term":[{"taxonomy":"category","embeddable":true,"href":"https:\/\/www.egemtv.com\/index.php?rest_route=%2Fwp%2Fv2%2Fcategories&post=48981"},{"taxonomy":"post_tag","embeddable":true,"href":"https:\/\/www.egemtv.com\/index.php?rest_route=%2Fwp%2Fv2%2Ftags&post=48981"}],"curies":[{"name":"wp","href":"https:\/\/api.w.org\/{rel}","templated":true}]}}