{"id":48978,"date":"2025-08-15T12:55:03","date_gmt":"2025-08-15T09:55:03","guid":{"rendered":"https:\/\/www.egemtv.com\/?p=48978"},"modified":"2025-08-15T12:55:04","modified_gmt":"2025-08-15T09:55:04","slug":"chp-kuyucak-ilce-baskani-gorevden-alindigini-duyurdu","status":"publish","type":"post","link":"https:\/\/www.egemtv.com\/?p=48978","title":{"rendered":"CHP Kuyucak \u0130l\u00e7e ba\u015fkan\u0131 g\u00f6revden al\u0131nd\u0131\u011f\u0131n\u0131 duyurdu"},"content":{"rendered":"<p>Ayd\u0131n B\u00fcy\u00fck\u015fehir Belediye Ba\u015fkan\u0131 \u00d6zlem \u00c7er\u00e7io\u011flu\u2019nun partisi CHP\u2019den istifa edip AK Parti\u2019ye ge\u00e7mesinin ard\u0131ndan CHP\u2019de istifa ve g\u00f6revden al\u0131nmalar ba\u015flad\u0131. CHP Kuyucak \u0130l\u00e7e Ba\u015fkan\u0131 \u00d6zg\u00fcr Y\u00f6reli, partisindeki g\u00f6revinden al\u0131nd\u0131\u011f\u0131n\u0131 duyurdu.<br \/>\n<br \/>Ayd\u0131n B\u00fcy\u00fck\u015fehir Belediye Ba\u015fkan\u0131 \u00d6zlem \u00c7er\u00e7io\u011flu, S\u00f6ke Belediye Ba\u015fkan\u0131 Mustafa \u0130berya Ar\u0131kan, Yenipazar Belediye Ba\u015fkan\u0131 Malik Ercan ve Sultanhisar Belediye Ba\u015fkan\u0131 Osman Y\u0131ld\u0131r\u0131mkaya\u2019n\u0131n AK Parti\u2019ye kat\u0131lmas\u0131n\u0131n ard\u0131ndan CHP Efeler \u0130l\u00e7e Ba\u015fkan\u0131 S\u00fcha Bay\u0131rl\u0131 ile Kuyucak \u0130l\u00e7e Ba\u015fkan\u0131 \u00d6zg\u00fcr Y\u00f6reli g\u00f6revinden al\u0131nd\u0131.<br \/>\n<br \/>Kuyucak \u0130l\u00e7e Ba\u015fkan\u0131 \u00d6zg\u00fcr Y\u00f6reli, sosyal medya hesab\u0131ndan yapt\u0131\u011f\u0131 a\u00e7\u0131klamada &#8220;11.12.2023 tarihinden beri y\u00fcr\u00fctmekte oldu\u011fum \u0130l\u00e7e Ba\u015fkanl\u0131\u011f\u0131 g\u00f6revinden al\u0131nm\u0131\u015f bulunmaktay\u0131m. Cumhuriyet Halk Partilili\u011fim ayn\u0131 heyecanla devam edecektir. Kamuoyunun bilgisine sunar\u0131m&#8221; ifadelerine yer verdi.<br \/><\/p>\n","protected":false},"excerpt":{"rendered":"<p>Ayd\u0131n B\u00fcy\u00fck\u015fehir Belediye Ba\u015fkan\u0131 \u00d6zlem \u00c7er\u00e7io\u011flu\u2019nun partisi CHP\u2019den istifa edip AK Parti\u2019ye ge\u00e7mesinin ard\u0131ndan CHP\u2019de istifa ve g\u00f6revden al\u0131nmalar ba\u015flad\u0131. CHP Kuyucak \u0130l\u00e7e Ba\u015fkan\u0131 \u00d6zg\u00fcr Y\u00f6reli, partisindeki g\u00f6revinden al\u0131nd\u0131\u011f\u0131n\u0131 duyurdu. Ayd\u0131n B\u00fcy\u00fck\u015fehir Belediye Ba\u015fkan\u0131 \u00d6zlem \u00c7er\u00e7io\u011flu, S\u00f6ke Belediye Ba\u015fkan\u0131 Mustafa \u0130berya Ar\u0131kan, Yenipazar Belediye Ba\u015fkan\u0131 Malik Ercan ve Sultanhisar Belediye Ba\u015fkan\u0131 Osman Y\u0131ld\u0131r\u0131mkaya\u2019n\u0131n AK Parti\u2019ye&#8230;<\/p>\n","protected":false},"author":1,"featured_media":48979,"comment_status":"open","ping_status":"open","sticky":false,"template":"","format":"standard","meta":{"_crdt_document":"","footnotes":""},"categories":[127],"tags":[],"class_list":["post-48978","post","type-post","status-publish","format-standard","has-post-thumbnail","hentry","category-siyaset"],"_links":{"self":[{"href":"https:\/\/www.egemtv.com\/index.php?rest_route=\/wp\/v2\/posts\/48978","targetHints":{"allow":["GET"]}}],"collection":[{"href":"https:\/\/www.egemtv.com\/index.php?rest_route=\/wp\/v2\/posts"}],"about":[{"href":"https:\/\/www.egemtv.com\/index.php?rest_route=\/wp\/v2\/types\/post"}],"author":[{"embeddable":true,"href":"https:\/\/www.egemtv.com\/index.php?rest_route=\/wp\/v2\/users\/1"}],"replies":[{"embeddable":true,"href":"https:\/\/www.egemtv.com\/index.php?rest_route=%2Fwp%2Fv2%2Fcomments&post=48978"}],"version-history":[{"count":1,"href":"https:\/\/www.egemtv.com\/index.php?rest_route=\/wp\/v2\/posts\/48978\/revisions"}],"predecessor-version":[{"id":48980,"href":"https:\/\/www.egemtv.com\/index.php?rest_route=\/wp\/v2\/posts\/48978\/revisions\/48980"}],"wp:featuredmedia":[{"embeddable":true,"href":"https:\/\/www.egemtv.com\/index.php?rest_route=\/wp\/v2\/media\/48979"}],"wp:attachment":[{"href":"https:\/\/www.egemtv.com\/index.php?rest_route=%2Fwp%2Fv2%2Fmedia&parent=48978"}],"wp:term":[{"taxonomy":"category","embeddable":true,"href":"https:\/\/www.egemtv.com\/index.php?rest_route=%2Fwp%2Fv2%2Fcategories&post=48978"},{"taxonomy":"post_tag","embeddable":true,"href":"https:\/\/www.egemtv.com\/index.php?rest_route=%2Fwp%2Fv2%2Ftags&post=48978"}],"curies":[{"name":"wp","href":"https:\/\/api.w.org\/{rel}","templated":true}]}}