{"id":48918,"date":"2025-08-15T10:34:52","date_gmt":"2025-08-15T07:34:52","guid":{"rendered":"https:\/\/www.egemtv.com\/?p=48918"},"modified":"2025-08-15T10:34:53","modified_gmt":"2025-08-15T07:34:53","slug":"yuvasina-takili-kalan-leylek-boyle-kurtarildi","status":"publish","type":"post","link":"https:\/\/www.egemtv.com\/?p=48918","title":{"rendered":"Yuvas\u0131na tak\u0131l\u0131 kalan leylek b\u00f6yle kurtar\u0131ld\u0131"},"content":{"rendered":"<p>Afyonkarahisar\u2019da elektrik dire\u011finde leylek yapt\u0131\u011f\u0131 yuvaya tak\u0131l\u0131 kal\u0131nca devreye giren Osmangazi Elektrik Da\u011f\u0131t\u0131m A.\u015e. (OEDA\u015e) ekipleri taraf\u0131ndan kurtar\u0131ld\u0131.<br \/>\n<br \/>Sand\u0131kl\u0131 il\u00e7esinin Dodurga mahallesinde bulunan elektrik dire\u011fine bir leylek yuvas\u0131n\u0131 yapt\u0131. Balya ve iplere aya\u011f\u0131 tak\u0131lan leylek u\u00e7amay\u0131p yuvaya tak\u0131l\u0131 kald\u0131. Mahalle muhtar\u0131n\u0131n ihbar\u0131 \u00fczerine olay yerine gelen OEDA\u015e ve Sand\u0131kl\u0131 Do\u011fa Koruma ve Milli Parklar ekipleri taraf\u0131ndan kurtarma \u00e7al\u0131\u015fmalar\u0131 ba\u015flat\u0131ld\u0131. Ekipler taraf\u0131ndan al\u0131nan g\u00fcvenlik \u00f6nlemleri al\u0131nd\u0131. Yap\u0131lan \u00e7al\u0131\u015fmalar neticesinde ise yuvada as\u0131l\u0131 kalan leylek ekiplerce kurtar\u0131ld\u0131. Ard\u0131ndan Sand\u0131kl\u0131 Do\u011fa Koruma ve Milli Parklar ekipleri taraf\u0131ndan leyle\u011fin yaral\u0131 oldu\u011fu belirlendi. Hayvan, kontrol ve tedavi ama\u00e7l\u0131 Afyonkarahisar Kocatepe \u00dcniversitesi Rehabilitasyon Merkezi\u2019ne g\u00f6t\u00fcr\u00fcld\u00fc. Tedavi sonras\u0131nda ile leyle\u011fin yuva yak\u0131nlar\u0131nda do\u011fa sal\u0131naca\u011f\u0131 aktar\u0131ld\u0131.<br \/><\/p>\n","protected":false},"excerpt":{"rendered":"<p>Afyonkarahisar\u2019da elektrik dire\u011finde leylek yapt\u0131\u011f\u0131 yuvaya tak\u0131l\u0131 kal\u0131nca devreye giren Osmangazi Elektrik Da\u011f\u0131t\u0131m A.\u015e. (OEDA\u015e) ekipleri taraf\u0131ndan kurtar\u0131ld\u0131. Sand\u0131kl\u0131 il\u00e7esinin Dodurga mahallesinde bulunan elektrik dire\u011fine bir leylek yuvas\u0131n\u0131 yapt\u0131. Balya ve iplere aya\u011f\u0131 tak\u0131lan leylek u\u00e7amay\u0131p yuvaya tak\u0131l\u0131 kald\u0131. Mahalle muhtar\u0131n\u0131n ihbar\u0131 \u00fczerine olay yerine gelen OEDA\u015e ve Sand\u0131kl\u0131 Do\u011fa Koruma ve Milli Parklar ekipleri&#8230;<\/p>\n","protected":false},"author":1,"featured_media":48919,"comment_status":"open","ping_status":"open","sticky":false,"template":"","format":"standard","meta":{"_crdt_document":"","footnotes":""},"categories":[123],"tags":[],"class_list":["post-48918","post","type-post","status-publish","format-standard","has-post-thumbnail","hentry","category-gundem"],"_links":{"self":[{"href":"https:\/\/www.egemtv.com\/index.php?rest_route=\/wp\/v2\/posts\/48918","targetHints":{"allow":["GET"]}}],"collection":[{"href":"https:\/\/www.egemtv.com\/index.php?rest_route=\/wp\/v2\/posts"}],"about":[{"href":"https:\/\/www.egemtv.com\/index.php?rest_route=\/wp\/v2\/types\/post"}],"author":[{"embeddable":true,"href":"https:\/\/www.egemtv.com\/index.php?rest_route=\/wp\/v2\/users\/1"}],"replies":[{"embeddable":true,"href":"https:\/\/www.egemtv.com\/index.php?rest_route=%2Fwp%2Fv2%2Fcomments&post=48918"}],"version-history":[{"count":1,"href":"https:\/\/www.egemtv.com\/index.php?rest_route=\/wp\/v2\/posts\/48918\/revisions"}],"predecessor-version":[{"id":48920,"href":"https:\/\/www.egemtv.com\/index.php?rest_route=\/wp\/v2\/posts\/48918\/revisions\/48920"}],"wp:featuredmedia":[{"embeddable":true,"href":"https:\/\/www.egemtv.com\/index.php?rest_route=\/wp\/v2\/media\/48919"}],"wp:attachment":[{"href":"https:\/\/www.egemtv.com\/index.php?rest_route=%2Fwp%2Fv2%2Fmedia&parent=48918"}],"wp:term":[{"taxonomy":"category","embeddable":true,"href":"https:\/\/www.egemtv.com\/index.php?rest_route=%2Fwp%2Fv2%2Fcategories&post=48918"},{"taxonomy":"post_tag","embeddable":true,"href":"https:\/\/www.egemtv.com\/index.php?rest_route=%2Fwp%2Fv2%2Ftags&post=48918"}],"curies":[{"name":"wp","href":"https:\/\/api.w.org\/{rel}","templated":true}]}}