{"id":48915,"date":"2025-08-15T10:14:57","date_gmt":"2025-08-15T07:14:57","guid":{"rendered":"https:\/\/www.egemtv.com\/?p=48915"},"modified":"2025-08-15T10:14:58","modified_gmt":"2025-08-15T07:14:58","slug":"smyrna-antik-kentinde-kazilar-sururuyor","status":"publish","type":"post","link":"https:\/\/www.egemtv.com\/?p=48915","title":{"rendered":"Smyrna Antik Kenti\u2019nde kaz\u0131lar s\u00fcr\u00fcr\u00fcyor"},"content":{"rendered":"<p>\u0130zmir\u2019de Prof. Dr. Ak\u0131n Ersoy\u2019un ba\u015fkanl\u0131\u011f\u0131ndaki ekip, 20 bin ki\u015filik kapasitesiyle Efes Antik Tiyatrosu b\u00fcy\u00fckl\u00fc\u011f\u00fcndeki Antik Smyrna Tiyatrosu ile Smyrna Agoras\u0131\u2019ndaki Roma d\u00f6nemi hamam\u0131n\u0131n gymnasium b\u00f6l\u00fcm\u00fcn\u00fc g\u00fcn y\u00fcz\u00fcne \u00e7\u0131karmak i\u00e7in yo\u011fun bir \u00e7al\u0131\u015fma y\u00fcr\u00fct\u00fcyor. \u0130zmir B\u00fcy\u00fck\u015fehir Belediyesi, 2025-2027 y\u0131llar\u0131 aras\u0131nda kent tarihi a\u00e7\u0131s\u0131ndan b\u00fcy\u00fck \u00f6nem ta\u015f\u0131yan kaz\u0131ya toplam 34,5 milyon lira kaynak ay\u0131racak.<br \/>\n<br \/>\u0130zmir\u2019in merkezinde yer alan Smyrna Antik Kenti, 2007\u2019den bu yana yap\u0131lan kaz\u0131larda g\u00fcn y\u00fcz\u00fcne \u00e7\u0131kar\u0131lan eserlerle kentin tarihine \u0131\u015f\u0131k tutuyor. Prof. Dr. Ak\u0131n Ersoy\u2019un ba\u015fkanl\u0131\u011f\u0131nda y\u00fcr\u00fct\u00fclen \u00e7al\u0131\u015fmalarda, Antik Smyrna Tiyatrosu ve Antik Smyrna Agoras\u0131\u2019nda yer alan Roma d\u00f6nemi hamam\u0131n\u0131n gymnasium b\u00f6l\u00fcm\u00fc ortaya \u00e7\u0131kar\u0131lmaya \u00e7al\u0131\u015f\u0131l\u0131yor.<br \/>\n<br \/>2012\u2019den bu yana kentteki bilimsel kaz\u0131 \u00e7al\u0131\u015fmalar\u0131na maddi destek veren \u0130zmir B\u00fcy\u00fck\u015fehir Belediyesi\u2019nin \u00f6z kaynaklar\u0131 ile y\u00fcr\u00fct\u00fclen kamula\u015ft\u0131rmalar neticesinde Smyrna Agoras\u0131\u2019n\u0131n bulundu\u011fu kaz\u0131 alan\u0131 \u0130ki\u00e7e\u015fmelik Caddesi ile b\u00fct\u00fcnle\u015firken, uzun d\u00f6nem gecekondular alt\u0131nda kalan Antik Smyrna Tiyatrosu da g\u00fcn y\u00fcz\u00fcne \u00e7\u0131kar\u0131lmaya ba\u015fland\u0131.<\/p>\n<p>20 bin ki\u015fi kapasitesiyle \u0130zmir i\u00e7in b\u00fcy\u00fck \u00f6nem ta\u015f\u0131yor<br \/>\n<br \/>Kaz\u0131lara Maddi Destek Program\u0131 kapsam\u0131nda g\u00fcn\u00fcm\u00fczde \u0130zmir ve yak\u0131n \u00e7evresinde 16 arkeolojik kaz\u0131 alan\u0131 yer al\u0131yor. \u0130zmir B\u00fcy\u00fck\u015fehir Belediyesi, kent genelinde s\u00fcren kaz\u0131lara verdi\u011fi destekle insanl\u0131\u011f\u0131n ortak k\u00fclt\u00fcrel miras\u0131 olan bu alanlar\u0131n korunmas\u0131 ve her ge\u00e7en g\u00fcn daha g\u00f6r\u00fcn\u00fcr k\u0131l\u0131nmas\u0131n\u0131 ama\u00e7l\u0131yor. 2025 y\u0131l\u0131 itibariyle y\u00fcr\u00fcrl\u00fc\u011fe giren yeni protokol ile Smyrna Antik Kenti Kaz\u0131 Ba\u015fkanl\u0131\u011f\u0131\u2019na sa\u011flanan destek kapsam\u0131nda antik tiyatronun bir an \u00f6nce kente kazand\u0131r\u0131lmas\u0131 ama\u00e7lan\u0131yor. Efes Antik Tiyatrosu b\u00fcy\u00fckl\u00fc\u011f\u00fcnde oldu\u011fu belirtilen Antik Smyrna Tiyatrosu, 20 bin ki\u015fi kapasitesiyle \u0130zmir i\u00e7in b\u00fcy\u00fck \u00f6nem ta\u015f\u0131yor.<\/p>\n<p>Maddi ve ayni destek<br \/>\n<br \/>\u0130zmir B\u00fcy\u00fck\u015fehir Belediyesi\u2019nin destekleri hakk\u0131nda bilgi veren Kent Tarihi ve Tan\u0131t\u0131m\u0131 Dairesi Ba\u015fkanl\u0131\u011f\u0131 Koruma Uygulama ve Denetim \u015eube M\u00fcd\u00fcrl\u00fc\u011f\u00fc\u2019nde g\u00f6revli Arkeolog Tuna Sinan Derbento\u011fullar\u0131, &#8220;\u0130zmir B\u00fcy\u00fck\u015fehir Belediyesi, Smyrna Antik Kenti kaz\u0131 \u00e7al\u0131\u015fmalar\u0131na 2012 y\u0131l\u0131ndan bu yana envanter olu\u015fturulmas\u0131, bilimsel kaz\u0131 \u00e7al\u0131\u015fmalar\u0131, restorasyon \u00e7al\u0131\u015fmalar\u0131 ve kaz\u0131 ekibinin desteklenmesi amac\u0131yla maddi ve ayni destek veriyor&#8221; dedi. Derbento\u011fullar\u0131, \u0130zmir B\u00fcy\u00fck\u015fehir Belediyesi\u2019nin kentimizde devam eden 16 kaz\u0131y\u0131 desteklediklerini s\u00f6zlerine ekledi.<\/p>\n<p>Kaz\u0131lar iki noktada s\u00fcr\u00fcyor<br \/>\n<br \/>2007 y\u0131l\u0131ndan itibaren \u0130zmir\u2019in tarihi kent merkezindeki arkeolojik kaz\u0131 \u00e7al\u0131\u015fmalar\u0131n\u0131 y\u00fcr\u00fcten Smyrna Antik Kenti Kaz\u0131 Ba\u015fkan\u0131 ve \u0130zmir Katip \u00c7elebi \u00dcniversitesi T\u00fcrk \u0130slam Arkeolojisi B\u00f6l\u00fcm\u00fc \u00d6\u011fretim \u00dcyesi Prof. Dr. Ak\u0131n Ersoy, &#8220;\u00c7al\u0131\u015fmalar\u0131m\u0131zda K\u00fclt\u00fcr ve Turizm Bakanl\u0131\u011f\u0131n\u0131n maddi deste\u011finin yan\u0131 s\u0131ra \u0130zmir B\u00fcy\u00fck\u015fehir Belediyesi\u2019nin \u00f6nemli \u00f6l\u00e7\u00fcde destekleri s\u00f6z konusu. Ayr\u0131ca ba\u015fka sponsorlar\u0131m\u0131z da bulunuyor. Smyrna Antik Kenti kaz\u0131lar\u0131n\u0131 \u015fu an \u00f6zellikle iki noktada y\u00fcr\u00fct\u00fcyoruz. Antik Smyrna Agoras\u0131\u2019nda g\u00fcncel olarak Kemeralt\u0131\u2019na bakan tarafta bir hamam\u0131n gymnasium b\u00f6l\u00fcm\u00fcn\u00fcn ortaya \u00e7\u0131kar\u0131lmas\u0131 i\u00e7in \u00e7al\u0131\u015fma y\u00fcr\u00fct\u00fcyoruz. \u0130kinci \u00e7al\u0131\u015fma alan\u0131m\u0131z da \u00f6zellikle \u0130zmirlilerin de \u00e7ok bekledi\u011fi Antik Smyrna Tiyatrosu\u2019nda s\u00fcr\u00fcyor&#8221; diye konu\u015ftu. \u00d6ren yeri i\u00e7inde Osmanl\u0131 d\u00f6nemine ait sarn\u0131\u00e7l\u0131 \u00e7e\u015fmeler ve \u015fehir i\u00e7i han yap\u0131s\u0131 oldu\u011funu belirten Prof. Dr. Ak\u0131n Ersoy, Osmanl\u0131 D\u00f6nemi yap\u0131lar\u0131n\u0131 da koruyarak alt\u0131nda kalan gymnasium b\u00f6l\u00fcm\u00fcn\u00fcn ortaya \u00e7\u0131kar\u0131lmas\u0131 i\u00e7in \u00e7al\u0131\u015ft\u0131klar\u0131n\u0131 kaydetti.<\/p>\n<p>Efes Antik Tiyatrosu b\u00fcy\u00fckl\u00fc\u011f\u00fcnde<br \/>\n<br \/>Antik Smyrna Agoras\u0131\u2019n\u0131n antik d\u00f6nemde yaln\u0131zca ticari ve idari bir merkez olmad\u0131\u011f\u0131n\u0131 vurgulayan Ersoy, dini ve sosyal etkinliklerin de burada ger\u00e7ekle\u015ftirildi\u011fini dile getirdi. Ba\u015flang\u0131\u00e7ta k\u00fc\u00e7\u00fck \u00f6l\u00e7ekli etkinliklerin agorada yap\u0131ld\u0131\u011f\u0131n\u0131, ancak zamanla in\u015fa edilen Antik Smyrna Tiyatrosu ile bu etkinliklerin tiyatroya ta\u015f\u0131nd\u0131\u011f\u0131n\u0131 ifade eden Ersoy, tiyatroda yap\u0131lan \u00e7al\u0131\u015fmalara ili\u015fkin de bilgi verdi. \u0130zmir\u2019in Efes Antik Tiyatrosu b\u00fcy\u00fckl\u00fc\u011f\u00fcnde bir tiyatroya daha sahip oldu\u011funu vurgulayan Ersoy, 20 bini a\u015fk\u0131n izleyici kapasitesine sahip Antik Smyrna Tiyatrosu\u2019nda hem dini, sosyal ve k\u00fclt\u00fcrel etkinliklerin hem de halk meclisine y\u00f6nelik duyurular\u0131n ger\u00e7ekle\u015ftirildi\u011fini s\u00f6zlerine ekledi.<\/p>\n<p>Kemeralt\u0131, Smyrna Agoras\u0131\u2019n\u0131n ticari kimli\u011fini yans\u0131t\u0131yor<br \/>\n<br \/>Prof. Dr. Ak\u0131n Ersoy, Antik Smyrna Agoras\u0131\u2019n\u0131n B\u00fcy\u00fck \u0130skender\u2019den sonra kurulan antik kentin tam merkezinde yer ald\u0131\u011f\u0131n\u0131 belirtti. Kemeralt\u0131\u2019n\u0131n bug\u00fcn d\u00fcnyan\u0131n en b\u00fcy\u00fck a\u00e7\u0131k hava \u00e7ar\u015f\u0131lar\u0131ndan biri oldu\u011funu vurgulayan Ersoy, bu yap\u0131n\u0131n temelinde bin y\u0131l \u00f6ncesinde Antik Smyrna Agoras\u0131\u2019n\u0131n yaratt\u0131\u011f\u0131 ticari iklimin bulundu\u011funu aktard\u0131. Antik d\u00f6nemde kentin, bug\u00fcnk\u00fc Kadifekale ve Kemeralt\u0131 aras\u0131nda kuruldu\u011funu, o d\u00f6nemde Kemeralt\u0131\u2019n\u0131n yerinde ticaret ve sava\u015f gemilerinin girebildi\u011fi bir i\u00e7 liman bulundu\u011funu s\u00f6yleyen Ersoy, Bizans D\u00f6nemi\u2019nde ba\u015flayan, Osmanl\u0131 D\u00f6nemi\u2019nde ise h\u0131zlanan bilin\u00e7li dolgu \u00e7al\u0131\u015fmalar\u0131yla i\u00e7 liman\u0131n zamanla yap\u0131la\u015fmaya a\u00e7\u0131ld\u0131\u011f\u0131n\u0131 ifade etti. Prof. Dr. Ak\u0131n Ersoy, liman\u0131n son izlerinin 1800\u2019l\u00fc y\u0131llara kadar takip edilebildi\u011fini, bu d\u00f6nemde ise batakl\u0131k h\u00e2line gelen alan\u0131n tamamen doldurularak bug\u00fcnk\u00fc Kemeralt\u0131\u2019n\u0131n olu\u015ftu\u011funu kaydetti.<\/p>\n<p>Antik d\u00f6nemde de \u0130zmir i\u00e7in su \u00e7ok \u00f6nemliydi<br \/>\n<br \/>Ersoy, antik d\u00f6nemde kent planlamac\u0131lar\u0131n\u0131n suyun varl\u0131\u011f\u0131na b\u00fcy\u00fck \u00f6nem verdi\u011fini, \u0130zmir\u2019in bu a\u00e7\u0131dan \u015fansl\u0131 bir konumda oldu\u011funu ifade etti. Kadifekale\u2019nin alt\u0131ndaki su tabakalar\u0131n\u0131n kent i\u00e7in \u00f6nemli bir kaynak sa\u011flad\u0131\u011f\u0131n\u0131, Antik Smyrna Agoras\u0131\u2019ndaki suyun da bu do\u011fal kaynaktan geldi\u011fini vurgulayan Ersoy, yakla\u015f\u0131k 150 metre boyunca akarak Antik Smyrna Agoras\u0131\u2019na ula\u015fan suyun g\u00fcn\u00fcm\u00fczde i\u00e7ilemez nitelikte olsa da park ve bah\u00e7eleri sulamak i\u00e7in kullan\u0131labildi\u011fini aktard\u0131.<br \/><\/p>\n","protected":false},"excerpt":{"rendered":"<p>\u0130zmir\u2019de Prof. Dr. Ak\u0131n Ersoy\u2019un ba\u015fkanl\u0131\u011f\u0131ndaki ekip, 20 bin ki\u015filik kapasitesiyle Efes Antik Tiyatrosu b\u00fcy\u00fckl\u00fc\u011f\u00fcndeki Antik Smyrna Tiyatrosu ile Smyrna Agoras\u0131\u2019ndaki Roma d\u00f6nemi hamam\u0131n\u0131n gymnasium b\u00f6l\u00fcm\u00fcn\u00fc g\u00fcn y\u00fcz\u00fcne \u00e7\u0131karmak i\u00e7in yo\u011fun bir \u00e7al\u0131\u015fma y\u00fcr\u00fct\u00fcyor. \u0130zmir B\u00fcy\u00fck\u015fehir Belediyesi, 2025-2027 y\u0131llar\u0131 aras\u0131nda kent tarihi a\u00e7\u0131s\u0131ndan b\u00fcy\u00fck \u00f6nem ta\u015f\u0131yan kaz\u0131ya toplam 34,5 milyon lira kaynak ay\u0131racak. \u0130zmir\u2019in merkezinde&#8230;<\/p>\n","protected":false},"author":1,"featured_media":48916,"comment_status":"open","ping_status":"open","sticky":false,"template":"","format":"standard","meta":{"_crdt_document":"","footnotes":""},"categories":[1],"tags":[],"class_list":["post-48915","post","type-post","status-publish","format-standard","has-post-thumbnail","hentry","category-guncel"],"_links":{"self":[{"href":"https:\/\/www.egemtv.com\/index.php?rest_route=\/wp\/v2\/posts\/48915","targetHints":{"allow":["GET"]}}],"collection":[{"href":"https:\/\/www.egemtv.com\/index.php?rest_route=\/wp\/v2\/posts"}],"about":[{"href":"https:\/\/www.egemtv.com\/index.php?rest_route=\/wp\/v2\/types\/post"}],"author":[{"embeddable":true,"href":"https:\/\/www.egemtv.com\/index.php?rest_route=\/wp\/v2\/users\/1"}],"replies":[{"embeddable":true,"href":"https:\/\/www.egemtv.com\/index.php?rest_route=%2Fwp%2Fv2%2Fcomments&post=48915"}],"version-history":[{"count":1,"href":"https:\/\/www.egemtv.com\/index.php?rest_route=\/wp\/v2\/posts\/48915\/revisions"}],"predecessor-version":[{"id":48917,"href":"https:\/\/www.egemtv.com\/index.php?rest_route=\/wp\/v2\/posts\/48915\/revisions\/48917"}],"wp:featuredmedia":[{"embeddable":true,"href":"https:\/\/www.egemtv.com\/index.php?rest_route=\/wp\/v2\/media\/48916"}],"wp:attachment":[{"href":"https:\/\/www.egemtv.com\/index.php?rest_route=%2Fwp%2Fv2%2Fmedia&parent=48915"}],"wp:term":[{"taxonomy":"category","embeddable":true,"href":"https:\/\/www.egemtv.com\/index.php?rest_route=%2Fwp%2Fv2%2Fcategories&post=48915"},{"taxonomy":"post_tag","embeddable":true,"href":"https:\/\/www.egemtv.com\/index.php?rest_route=%2Fwp%2Fv2%2Ftags&post=48915"}],"curies":[{"name":"wp","href":"https:\/\/api.w.org\/{rel}","templated":true}]}}