{"id":48912,"date":"2025-08-15T10:14:55","date_gmt":"2025-08-15T07:14:55","guid":{"rendered":"https:\/\/www.egemtv.com\/?p=48912"},"modified":"2025-08-15T10:14:57","modified_gmt":"2025-08-15T07:14:57","slug":"mahalle-muhtarindan-sokak-hayvanlarina-yonelik-ornek-calisma","status":"publish","type":"post","link":"https:\/\/www.egemtv.com\/?p=48912","title":{"rendered":"Mahalle muhtar\u0131ndan sokak hayvanlar\u0131na y\u00f6nelik \u00f6rnek \u00e7al\u0131\u015fma"},"content":{"rendered":"<p>Afyonkarahisar\u2019da bir mahalle muhtar\u0131 s\u0131cak yaz g\u00fcnlerinde sokak hayvanlar\u0131n\u0131 d\u00fc\u015f\u00fcnerek mahallenin \u00e7e\u015fitli noktalar\u0131na su kab\u0131 b\u0131rakt\u0131.<br \/>\n<br \/>Ethem Kelek\u00e7i Mahallesi Muhtar\u0131 Ramazan G\u00fc\u00e7l\u00fc, s\u0131cak yaz g\u00fcnlerinde sokak hayvanlar\u0131n\u0131 unutmad\u0131. Mahallenin \u00e7e\u015fitli noktalar\u0131na 25 adet su kab\u0131 b\u0131rakt\u0131. Muhtar bu davran\u0131\u015f\u0131yla kedi, k\u00f6pek ve ku\u015flar\u0131n susuz kalmamas\u0131 i\u00e7in \u00f6rnek bir \u00e7al\u0131\u015fma ba\u015flatt\u0131.<br \/>\n<br \/>Muhtar G\u00fc\u00e7l\u00fc ger\u00e7ekle\u015ftirdi\u011fi etkinlikle ilgili &#8220;Sadece insanlar de\u011fil, sokaktaki canlar\u0131m\u0131z da bu s\u0131caklarda suya muhta\u00e7. Herkes evinin \u00f6n\u00fcne bir kap su koyarsa, birlikte daha ya\u015fanabilir bir \u00e7evre olu\u015fturabiliriz&#8221; dedi.<br \/><\/p>\n","protected":false},"excerpt":{"rendered":"<p>Afyonkarahisar\u2019da bir mahalle muhtar\u0131 s\u0131cak yaz g\u00fcnlerinde sokak hayvanlar\u0131n\u0131 d\u00fc\u015f\u00fcnerek mahallenin \u00e7e\u015fitli noktalar\u0131na su kab\u0131 b\u0131rakt\u0131. Ethem Kelek\u00e7i Mahallesi Muhtar\u0131 Ramazan G\u00fc\u00e7l\u00fc, s\u0131cak yaz g\u00fcnlerinde sokak hayvanlar\u0131n\u0131 unutmad\u0131. Mahallenin \u00e7e\u015fitli noktalar\u0131na 25 adet su kab\u0131 b\u0131rakt\u0131. Muhtar bu davran\u0131\u015f\u0131yla kedi, k\u00f6pek ve ku\u015flar\u0131n susuz kalmamas\u0131 i\u00e7in \u00f6rnek bir \u00e7al\u0131\u015fma ba\u015flatt\u0131. Muhtar G\u00fc\u00e7l\u00fc ger\u00e7ekle\u015ftirdi\u011fi etkinlikle ilgili&#8230;<\/p>\n","protected":false},"author":1,"featured_media":48913,"comment_status":"open","ping_status":"open","sticky":false,"template":"","format":"standard","meta":{"_crdt_document":"","footnotes":""},"categories":[123],"tags":[],"class_list":["post-48912","post","type-post","status-publish","format-standard","has-post-thumbnail","hentry","category-gundem"],"_links":{"self":[{"href":"https:\/\/www.egemtv.com\/index.php?rest_route=\/wp\/v2\/posts\/48912","targetHints":{"allow":["GET"]}}],"collection":[{"href":"https:\/\/www.egemtv.com\/index.php?rest_route=\/wp\/v2\/posts"}],"about":[{"href":"https:\/\/www.egemtv.com\/index.php?rest_route=\/wp\/v2\/types\/post"}],"author":[{"embeddable":true,"href":"https:\/\/www.egemtv.com\/index.php?rest_route=\/wp\/v2\/users\/1"}],"replies":[{"embeddable":true,"href":"https:\/\/www.egemtv.com\/index.php?rest_route=%2Fwp%2Fv2%2Fcomments&post=48912"}],"version-history":[{"count":1,"href":"https:\/\/www.egemtv.com\/index.php?rest_route=\/wp\/v2\/posts\/48912\/revisions"}],"predecessor-version":[{"id":48914,"href":"https:\/\/www.egemtv.com\/index.php?rest_route=\/wp\/v2\/posts\/48912\/revisions\/48914"}],"wp:featuredmedia":[{"embeddable":true,"href":"https:\/\/www.egemtv.com\/index.php?rest_route=\/wp\/v2\/media\/48913"}],"wp:attachment":[{"href":"https:\/\/www.egemtv.com\/index.php?rest_route=%2Fwp%2Fv2%2Fmedia&parent=48912"}],"wp:term":[{"taxonomy":"category","embeddable":true,"href":"https:\/\/www.egemtv.com\/index.php?rest_route=%2Fwp%2Fv2%2Fcategories&post=48912"},{"taxonomy":"post_tag","embeddable":true,"href":"https:\/\/www.egemtv.com\/index.php?rest_route=%2Fwp%2Fv2%2Ftags&post=48912"}],"curies":[{"name":"wp","href":"https:\/\/api.w.org\/{rel}","templated":true}]}}