{"id":48909,"date":"2025-08-15T10:14:53","date_gmt":"2025-08-15T07:14:53","guid":{"rendered":"https:\/\/www.egemtv.com\/?p=48909"},"modified":"2025-08-15T10:14:55","modified_gmt":"2025-08-15T07:14:55","slug":"ceviz-agaclarinda-cesit-secimi-soruna-sebep-oldu","status":"publish","type":"post","link":"https:\/\/www.egemtv.com\/?p=48909","title":{"rendered":"Ceviz a\u011fa\u00e7lar\u0131nda \u00e7e\u015fit se\u00e7imi soruna sebep oldu"},"content":{"rendered":"<p>Afyonkarahisar\u2019\u0131n \u015euhut il\u00e7esinde yap\u0131lan incelemeler sonucunda ceviz a\u011fa\u00e7lar\u0131nda tercih edilen \u00e7e\u015fit se\u00e7iminin hatal\u0131 oldu\u011fu belirlendi.<br \/>\n<br \/>Afyonkarahisar\u2019\u0131n \u015euhut il\u00e7esine ba\u011fl\u0131 Ko\u00e7yata\u011f\u0131 k\u00f6y\u00fcnde \u015euhut \u0130l\u00e7e Tar\u0131m ve Orman M\u00fcd\u00fcrl\u00fc\u011f\u00fc ekipleri taraf\u0131ndan yap\u0131lan incelemeler ger\u00e7ekle\u015ftirildi. Yap\u0131lan g\u00f6zlemler sonucunda, ceviz a\u011fa\u00e7lar\u0131nda herhangi bir hastal\u0131k veya zararl\u0131ya rastlanmad\u0131. \u00dcretimdeki verimsizli\u011fin nedeninin ise \u00e7e\u015fit se\u00e7iminde yap\u0131lan hatalar oldu\u011fu belirlendi. B\u00f6lgeye dikilen ceviz \u00e7e\u015fidinin so\u011fu\u011fa dayan\u0131kl\u0131 olmamas\u0131, a\u011fa\u00e7lar\u0131n verime ge\u00e7mesini olumsuz etkiledi\u011fi s\u00f6ylendi.<br \/>\n<br \/>Yetkililer, ceviz \u00fcretiminde verim ve kaliteyi art\u0131rmak i\u00e7in b\u00f6lge iklimine uygun, so\u011fu\u011fa dayan\u0131kl\u0131 \u00e7e\u015fitlerin tercih edilmesi gerekti\u011fini vurgulad\u0131.<br \/>\n<br \/>Ekipler taraf\u0131ndan dikim yapmadan \u00f6nce b\u00f6lgeye en uygun \u00e7e\u015fitleri belirleyerek \u00fcretime ba\u015flaman\u0131n uzun vadede hem verimi hem de \u00fcr\u00fcn kalitesini artt\u0131raca\u011f\u0131 aktar\u0131ld\u0131.<br \/><\/p>\n","protected":false},"excerpt":{"rendered":"<p>Afyonkarahisar\u2019\u0131n \u015euhut il\u00e7esinde yap\u0131lan incelemeler sonucunda ceviz a\u011fa\u00e7lar\u0131nda tercih edilen \u00e7e\u015fit se\u00e7iminin hatal\u0131 oldu\u011fu belirlendi. Afyonkarahisar\u2019\u0131n \u015euhut il\u00e7esine ba\u011fl\u0131 Ko\u00e7yata\u011f\u0131 k\u00f6y\u00fcnde \u015euhut \u0130l\u00e7e Tar\u0131m ve Orman M\u00fcd\u00fcrl\u00fc\u011f\u00fc ekipleri taraf\u0131ndan yap\u0131lan incelemeler ger\u00e7ekle\u015ftirildi. Yap\u0131lan g\u00f6zlemler sonucunda, ceviz a\u011fa\u00e7lar\u0131nda herhangi bir hastal\u0131k veya zararl\u0131ya rastlanmad\u0131. \u00dcretimdeki verimsizli\u011fin nedeninin ise \u00e7e\u015fit se\u00e7iminde yap\u0131lan hatalar oldu\u011fu belirlendi. B\u00f6lgeye dikilen&#8230;<\/p>\n","protected":false},"author":1,"featured_media":48910,"comment_status":"open","ping_status":"open","sticky":false,"template":"","format":"standard","meta":{"_crdt_document":"","footnotes":""},"categories":[1],"tags":[],"class_list":["post-48909","post","type-post","status-publish","format-standard","has-post-thumbnail","hentry","category-guncel"],"_links":{"self":[{"href":"https:\/\/www.egemtv.com\/index.php?rest_route=\/wp\/v2\/posts\/48909","targetHints":{"allow":["GET"]}}],"collection":[{"href":"https:\/\/www.egemtv.com\/index.php?rest_route=\/wp\/v2\/posts"}],"about":[{"href":"https:\/\/www.egemtv.com\/index.php?rest_route=\/wp\/v2\/types\/post"}],"author":[{"embeddable":true,"href":"https:\/\/www.egemtv.com\/index.php?rest_route=\/wp\/v2\/users\/1"}],"replies":[{"embeddable":true,"href":"https:\/\/www.egemtv.com\/index.php?rest_route=%2Fwp%2Fv2%2Fcomments&post=48909"}],"version-history":[{"count":1,"href":"https:\/\/www.egemtv.com\/index.php?rest_route=\/wp\/v2\/posts\/48909\/revisions"}],"predecessor-version":[{"id":48911,"href":"https:\/\/www.egemtv.com\/index.php?rest_route=\/wp\/v2\/posts\/48909\/revisions\/48911"}],"wp:featuredmedia":[{"embeddable":true,"href":"https:\/\/www.egemtv.com\/index.php?rest_route=\/wp\/v2\/media\/48910"}],"wp:attachment":[{"href":"https:\/\/www.egemtv.com\/index.php?rest_route=%2Fwp%2Fv2%2Fmedia&parent=48909"}],"wp:term":[{"taxonomy":"category","embeddable":true,"href":"https:\/\/www.egemtv.com\/index.php?rest_route=%2Fwp%2Fv2%2Fcategories&post=48909"},{"taxonomy":"post_tag","embeddable":true,"href":"https:\/\/www.egemtv.com\/index.php?rest_route=%2Fwp%2Fv2%2Ftags&post=48909"}],"curies":[{"name":"wp","href":"https:\/\/api.w.org\/{rel}","templated":true}]}}